{"id":18025,"date":"2026-04-29T14:04:50","date_gmt":"2026-04-29T13:04:50","guid":{"rendered":"https:\/\/lopezdearenas.org\/inicio\/blog\/?p=18025"},"modified":"2026-04-29T14:05:31","modified_gmt":"2026-04-29T13:05:31","slug":"el-alumnado-del-ciclo-superior-de-calidad-y-procesos-en-la-industria-alimentaria-del-ies-lopez-de-arenas-asiste-a-la-feria-provincial-de-formacion-profesional-y-empresa-de-la-campina","status":"publish","type":"post","link":"http:\/\/lopezdearenas.org\/inicio\/blog\/el-alumnado-del-ciclo-superior-de-calidad-y-procesos-en-la-industria-alimentaria-del-ies-lopez-de-arenas-asiste-a-la-feria-provincial-de-formacion-profesional-y-empresa-de-la-campina\/","title":{"rendered":"El alumnado del Ciclo Superior de Calidad y Procesos en la Industria Alimentaria del IES L\u00f3pez de Arenas asiste a la Feria Provincial de Formaci\u00f3n Profesional y Empresa de la Campi\u00f1a"},"content":{"rendered":"\n<p>El alumnado del Ciclo Formativo de Grado Superior de T\u00e9cnico Superior en Calidad y Procesos en la Industria Alimentaria del IES L\u00f3pez de Arenas de Marchena ha participado hoy en la Feria Provincial de Formaci\u00f3n Profesional y Empresa de la Campi\u00f1a, un encuentro orientado a acercar la formaci\u00f3n profesional al tejido empresarial y dar a conocer las oportunidades laborales y formativas de la comarca.<\/p>\n\n\n\n<p>Durante la jornada, los estudiantes han podido conocer de primera mano la oferta de empresas e instituciones participantes, as\u00ed como establecer contacto con profesionales de distintos sectores productivos vinculados a la innovaci\u00f3n, la calidad y la industria agroalimentaria.<\/p>\n\n\n\n<p>La asistencia a esta feria supone una excelente oportunidad para complementar su formaci\u00f3n acad\u00e9mica, fomentar la orientaci\u00f3n laboral y reforzar la conexi\u00f3n entre el \u00e1mbito educativo y la realidad empresarial. Asimismo, permite al alumnado descubrir nuevas salidas profesionales, tendencias del mercado de trabajo y posibilidades de inserci\u00f3n laboral tras la finalizaci\u00f3n de sus estudios.<\/p>\n\n\n\n<figure class=\"wp-block-gallery has-nested-images columns-default is-cropped wp-block-gallery-1 is-layout-flex wp-block-gallery-is-layout-flex\">\n<figure class=\"wp-block-image size-large\"><img loading=\"lazy\" decoding=\"async\" width=\"461\" height=\"1024\" data-id=\"18026\" src=\"https:\/\/lopezdearenas.org\/inicio\/blog\/wp-content\/uploads\/2026\/04\/WhatsApp-Image-2026-04-29-at-14.59.56-461x1024.jpeg\" alt=\"\" class=\"wp-image-18026\" srcset=\"http:\/\/lopezdearenas.org\/inicio\/blog\/wp-content\/uploads\/2026\/04\/WhatsApp-Image-2026-04-29-at-14.59.56-461x1024.jpeg 461w, http:\/\/lopezdearenas.org\/inicio\/blog\/wp-content\/uploads\/2026\/04\/WhatsApp-Image-2026-04-29-at-14.59.56-135x300.jpeg 135w, http:\/\/lopezdearenas.org\/inicio\/blog\/wp-content\/uploads\/2026\/04\/WhatsApp-Image-2026-04-29-at-14.59.56-768x1707.jpeg 768w, http:\/\/lopezdearenas.org\/inicio\/blog\/wp-content\/uploads\/2026\/04\/WhatsApp-Image-2026-04-29-at-14.59.56-691x1536.jpeg 691w, http:\/\/lopezdearenas.org\/inicio\/blog\/wp-content\/uploads\/2026\/04\/WhatsApp-Image-2026-04-29-at-14.59.56.jpeg 918w\" sizes=\"auto, (max-width: 461px) 100vw, 461px\" \/><\/figure>\n\n\n\n<figure class=\"wp-block-image size-large\"><img loading=\"lazy\" decoding=\"async\" width=\"461\" height=\"1024\" data-id=\"18027\" src=\"https:\/\/lopezdearenas.org\/inicio\/blog\/wp-content\/uploads\/2026\/04\/WhatsApp-Image-2026-04-29-at-14.59.57-1-461x1024.jpeg\" alt=\"\" class=\"wp-image-18027\" srcset=\"http:\/\/lopezdearenas.org\/inicio\/blog\/wp-content\/uploads\/2026\/04\/WhatsApp-Image-2026-04-29-at-14.59.57-1-461x1024.jpeg 461w, http:\/\/lopezdearenas.org\/inicio\/blog\/wp-content\/uploads\/2026\/04\/WhatsApp-Image-2026-04-29-at-14.59.57-1-135x300.jpeg 135w, http:\/\/lopezdearenas.org\/inicio\/blog\/wp-content\/uploads\/2026\/04\/WhatsApp-Image-2026-04-29-at-14.59.57-1-768x1707.jpeg 768w, http:\/\/lopezdearenas.org\/inicio\/blog\/wp-content\/uploads\/2026\/04\/WhatsApp-Image-2026-04-29-at-14.59.57-1-691x1536.jpeg 691w, http:\/\/lopezdearenas.org\/inicio\/blog\/wp-content\/uploads\/2026\/04\/WhatsApp-Image-2026-04-29-at-14.59.57-1.jpeg 918w\" sizes=\"auto, (max-width: 461px) 100vw, 461px\" \/><\/figure>\n\n\n\n<figure class=\"wp-block-image size-large\"><img loading=\"lazy\" decoding=\"async\" width=\"1024\" height=\"461\" data-id=\"18029\" src=\"https:\/\/lopezdearenas.org\/inicio\/blog\/wp-content\/uploads\/2026\/04\/WhatsApp-Image-2026-04-29-at-14.59.57-2-1024x461.jpeg\" alt=\"\" class=\"wp-image-18029\" srcset=\"http:\/\/lopezdearenas.org\/inicio\/blog\/wp-content\/uploads\/2026\/04\/WhatsApp-Image-2026-04-29-at-14.59.57-2-1024x461.jpeg 1024w, http:\/\/lopezdearenas.org\/inicio\/blog\/wp-content\/uploads\/2026\/04\/WhatsApp-Image-2026-04-29-at-14.59.57-2-300x135.jpeg 300w, http:\/\/lopezdearenas.org\/inicio\/blog\/wp-content\/uploads\/2026\/04\/WhatsApp-Image-2026-04-29-at-14.59.57-2-768x346.jpeg 768w, http:\/\/lopezdearenas.org\/inicio\/blog\/wp-content\/uploads\/2026\/04\/WhatsApp-Image-2026-04-29-at-14.59.57-2-1536x691.jpeg 1536w, http:\/\/lopezdearenas.org\/inicio\/blog\/wp-content\/uploads\/2026\/04\/WhatsApp-Image-2026-04-29-at-14.59.57-2-500x225.jpeg 500w, http:\/\/lopezdearenas.org\/inicio\/blog\/wp-content\/uploads\/2026\/04\/WhatsApp-Image-2026-04-29-at-14.59.57-2.jpeg 2040w\" sizes=\"auto, (max-width: 1024px) 100vw, 1024px\" \/><\/figure>\n\n\n\n<figure class=\"wp-block-image size-large\"><img loading=\"lazy\" decoding=\"async\" width=\"461\" height=\"1024\" data-id=\"18028\" src=\"https:\/\/lopezdearenas.org\/inicio\/blog\/wp-content\/uploads\/2026\/04\/WhatsApp-Image-2026-04-29-at-14.59.57-461x1024.jpeg\" alt=\"\" class=\"wp-image-18028\" srcset=\"http:\/\/lopezdearenas.org\/inicio\/blog\/wp-content\/uploads\/2026\/04\/WhatsApp-Image-2026-04-29-at-14.59.57-461x1024.jpeg 461w, http:\/\/lopezdearenas.org\/inicio\/blog\/wp-content\/uploads\/2026\/04\/WhatsApp-Image-2026-04-29-at-14.59.57-135x300.jpeg 135w, http:\/\/lopezdearenas.org\/inicio\/blog\/wp-content\/uploads\/2026\/04\/WhatsApp-Image-2026-04-29-at-14.59.57-768x1707.jpeg 768w, http:\/\/lopezdearenas.org\/inicio\/blog\/wp-content\/uploads\/2026\/04\/WhatsApp-Image-2026-04-29-at-14.59.57-691x1536.jpeg 691w, http:\/\/lopezdearenas.org\/inicio\/blog\/wp-content\/uploads\/2026\/04\/WhatsApp-Image-2026-04-29-at-14.59.57.jpeg 918w\" sizes=\"auto, (max-width: 461px) 100vw, 461px\" \/><\/figure>\n<\/figure>\n\n\n\n<p>Adem\u00e1s, la presencia del IES L\u00f3pez de Arenas en este evento contribuye a dar visibilidad al ciclo formativo de Calidad y Procesos en la Industria Alimentaria, mostrando su oferta educativa, sus salidas profesionales y el alto nivel de especializaci\u00f3n que ofrece. Este tipo de encuentros resultan especialmente \u00fatiles para la captaci\u00f3n de nuevo alumnado, al acercar la Formaci\u00f3n Profesional a futuros estudiantes interesados en incorporarse a un sector con gran proyecci\u00f3n y demanda laboral.<\/p>\n\n\n\n<p>Desde el IES L\u00f3pez de Arenas se valora muy positivamente la participaci\u00f3n en este tipo de iniciativas, que contribuyen al desarrollo competencial del alumnado y fortalecen el papel de la Formaci\u00f3n Profesional como v\u00eda estrat\u00e9gica para el empleo y el progreso econ\u00f3mico de la comarca.<\/p>\n\n\n\n<p>El centro contin\u00faa apostando por una ense\u00f1anza pr\u00e1ctica, cercana a las empresas y adaptada a las necesidades reales del sector productivo.<\/p>\n\n\n\n<p><\/p>\n","protected":false},"excerpt":{"rendered":"<p>El alumnado del Ciclo Formativo de Grado Superior de T\u00e9cnico Superior en Calidad y Procesos en la Industria Alimentaria del IES L\u00f3pez de Arenas de Marchena ha participado hoy en la Feria Provincial de Formaci\u00f3n Profesional y Empresa de la &hellip; <a href=\"http:\/\/lopezdearenas.org\/inicio\/blog\/el-alumnado-del-ciclo-superior-de-calidad-y-procesos-en-la-industria-alimentaria-del-ies-lopez-de-arenas-asiste-a-la-feria-provincial-de-formacion-profesional-y-empresa-de-la-campina\/\">Sigue leyendo <span class=\"meta-nav\">&rarr;<\/span><\/a><\/p>\n","protected":false},"author":82,"featured_media":0,"comment_status":"closed","ping_status":"open","sticky":false,"template":"","format":"standard","meta":{"_jetpack_memberships_contains_paid_content":false,"footnotes":"","jetpack_publicize_message":"","jetpack_publicize_feature_enabled":true,"jetpack_social_post_already_shared":true,"jetpack_social_options":{"image_generator_settings":{"template":"highway","default_image_id":0,"enabled":false},"version":2}},"categories":[5],"tags":[245,331,215],"class_list":["post-18025","post","type-post","status-publish","format-standard","hentry","category-novedades","tag-alimentaria","tag-feria-provincial","tag-grado-superior"],"jetpack_publicize_connections":[],"jetpack_featured_media_url":"","jetpack_sharing_enabled":true,"_links":{"self":[{"href":"http:\/\/lopezdearenas.org\/inicio\/blog\/wp-json\/wp\/v2\/posts\/18025","targetHints":{"allow":["GET"]}}],"collection":[{"href":"http:\/\/lopezdearenas.org\/inicio\/blog\/wp-json\/wp\/v2\/posts"}],"about":[{"href":"http:\/\/lopezdearenas.org\/inicio\/blog\/wp-json\/wp\/v2\/types\/post"}],"author":[{"embeddable":true,"href":"http:\/\/lopezdearenas.org\/inicio\/blog\/wp-json\/wp\/v2\/users\/82"}],"replies":[{"embeddable":true,"href":"http:\/\/lopezdearenas.org\/inicio\/blog\/wp-json\/wp\/v2\/comments?post=18025"}],"version-history":[{"count":1,"href":"http:\/\/lopezdearenas.org\/inicio\/blog\/wp-json\/wp\/v2\/posts\/18025\/revisions"}],"predecessor-version":[{"id":18030,"href":"http:\/\/lopezdearenas.org\/inicio\/blog\/wp-json\/wp\/v2\/posts\/18025\/revisions\/18030"}],"wp:attachment":[{"href":"http:\/\/lopezdearenas.org\/inicio\/blog\/wp-json\/wp\/v2\/media?parent=18025"}],"wp:term":[{"taxonomy":"category","embeddable":true,"href":"http:\/\/lopezdearenas.org\/inicio\/blog\/wp-json\/wp\/v2\/categories?post=18025"},{"taxonomy":"post_tag","embeddable":true,"href":"http:\/\/lopezdearenas.org\/inicio\/blog\/wp-json\/wp\/v2\/tags?post=18025"}],"curies":[{"name":"wp","href":"https:\/\/api.w.org\/{rel}","templated":true}]}}