{"id":17950,"date":"2026-04-23T17:59:25","date_gmt":"2026-04-23T16:59:25","guid":{"rendered":"https:\/\/lopezdearenas.org\/inicio\/blog\/?p=17950"},"modified":"2026-04-23T18:00:18","modified_gmt":"2026-04-23T17:00:18","slug":"la-cultura-toma-las-calles-y-la-feria-se-hace-literatura-cronica-del-jueves-23-de-la-semana-de-las-artes-y-las-humanidades","status":"publish","type":"post","link":"http:\/\/lopezdearenas.org\/inicio\/blog\/la-cultura-toma-las-calles-y-la-feria-se-hace-literatura-cronica-del-jueves-23-de-la-semana-de-las-artes-y-las-humanidades\/","title":{"rendered":"La cultura toma las calles y la Feria se hace Literatura: Cr\u00f3nica del Jueves 23 de la Semana de las Artes y las Humanidades"},"content":{"rendered":"\n<p>Hoy, D\u00eda Internacional del Libro, la programaci\u00f3n ha sido una mezcla perfecta de tradici\u00f3n local, arte inclusivo y excursiones literarias. Os contamos:<\/p>\n\n\n\n<p>La ma\u00f1ana con el alumnado de 4\u00ba de ESO y una Visita Teatralizada en ingl\u00e9s, partiendo desde el monumento a Pepe Marchena. A trav\u00e9s de peque\u00f1as representaciones en puntos hist\u00f3ricos, han hecho revivir el esp\u00edritu de finales del siglo XIX y principios del XX, demostrando que la historia est\u00e1 m\u00e1s viva que nunca.<\/p>\n\n\n\n<figure class=\"wp-block-image size-large\"><img loading=\"lazy\" decoding=\"async\" width=\"1024\" height=\"768\" src=\"https:\/\/lopezdearenas.org\/inicio\/blog\/wp-content\/uploads\/2026\/04\/WhatsApp-Image-2026-04-23-at-18.36.24-1024x768.jpeg\" alt=\"\" class=\"wp-image-17956\" srcset=\"http:\/\/lopezdearenas.org\/inicio\/blog\/wp-content\/uploads\/2026\/04\/WhatsApp-Image-2026-04-23-at-18.36.24-1024x768.jpeg 1024w, http:\/\/lopezdearenas.org\/inicio\/blog\/wp-content\/uploads\/2026\/04\/WhatsApp-Image-2026-04-23-at-18.36.24-300x225.jpeg 300w, http:\/\/lopezdearenas.org\/inicio\/blog\/wp-content\/uploads\/2026\/04\/WhatsApp-Image-2026-04-23-at-18.36.24-768x576.jpeg 768w, http:\/\/lopezdearenas.org\/inicio\/blog\/wp-content\/uploads\/2026\/04\/WhatsApp-Image-2026-04-23-at-18.36.24-1536x1152.jpeg 1536w, http:\/\/lopezdearenas.org\/inicio\/blog\/wp-content\/uploads\/2026\/04\/WhatsApp-Image-2026-04-23-at-18.36.24-400x300.jpeg 400w, http:\/\/lopezdearenas.org\/inicio\/blog\/wp-content\/uploads\/2026\/04\/WhatsApp-Image-2026-04-23-at-18.36.24.jpeg 2000w\" sizes=\"auto, (max-width: 1024px) 100vw, 1024px\" \/><\/figure>\n\n\n\n<p>Mientras tanto, en el gimnasio del instituto, hemos tenido el lujo de contar con el grupo de teatro de Jos\u00e9 Domingo Mora. Su representaci\u00f3n ha sido una lecci\u00f3n de pasi\u00f3n esc\u00e9nica, logrando que el alumnado conecte con los textos y las vanguardias de una forma directa y vibrante. \u00a1Bravo por el talento local!<\/p>\n\n\n\n<p>Uno de los puntos m\u00e1s emblem\u00e1ticos hoy ha sido la <strong>Exposici\u00f3n sobre Picasso<\/strong> organizada por el <strong>Aula Espec\u00edfica<\/strong>. Nuestros alumnos y alumnas han reinterpretado el universo del genio malague\u00f1o, demostrando que el cubismo y la vanguardia son lenguajes universales que no entienden de barreras. Su sensibilidad ha dejado a todos los visitantes asombrados por la calidad y el color de las obras.<\/p>\n\n\n\n<figure class=\"wp-block-gallery has-nested-images columns-default is-cropped wp-block-gallery-1 is-layout-flex wp-block-gallery-is-layout-flex\">\n<figure class=\"wp-block-image size-large\"><img loading=\"lazy\" decoding=\"async\" width=\"768\" height=\"1024\" data-id=\"17955\" src=\"https:\/\/lopezdearenas.org\/inicio\/blog\/wp-content\/uploads\/2026\/04\/expo-aula-espcifica-768x1024.jpeg\" alt=\"\" class=\"wp-image-17955\" srcset=\"http:\/\/lopezdearenas.org\/inicio\/blog\/wp-content\/uploads\/2026\/04\/expo-aula-espcifica-768x1024.jpeg 768w, http:\/\/lopezdearenas.org\/inicio\/blog\/wp-content\/uploads\/2026\/04\/expo-aula-espcifica-225x300.jpeg 225w, http:\/\/lopezdearenas.org\/inicio\/blog\/wp-content\/uploads\/2026\/04\/expo-aula-espcifica-1152x1536.jpeg 1152w, http:\/\/lopezdearenas.org\/inicio\/blog\/wp-content\/uploads\/2026\/04\/expo-aula-espcifica-1536x2048.jpeg 1536w, http:\/\/lopezdearenas.org\/inicio\/blog\/wp-content\/uploads\/2026\/04\/expo-aula-espcifica-scaled.jpeg 1920w\" sizes=\"auto, (max-width: 768px) 100vw, 768px\" \/><\/figure>\n\n\n\n<figure class=\"wp-block-image size-large\"><img loading=\"lazy\" decoding=\"async\" width=\"1024\" height=\"768\" data-id=\"17954\" src=\"https:\/\/lopezdearenas.org\/inicio\/blog\/wp-content\/uploads\/2026\/04\/EXPOSICION-PICASSO-AULA-ESPECIFICA-1024x768.jpeg\" alt=\"\" class=\"wp-image-17954\" srcset=\"http:\/\/lopezdearenas.org\/inicio\/blog\/wp-content\/uploads\/2026\/04\/EXPOSICION-PICASSO-AULA-ESPECIFICA-1024x768.jpeg 1024w, http:\/\/lopezdearenas.org\/inicio\/blog\/wp-content\/uploads\/2026\/04\/EXPOSICION-PICASSO-AULA-ESPECIFICA-300x225.jpeg 300w, http:\/\/lopezdearenas.org\/inicio\/blog\/wp-content\/uploads\/2026\/04\/EXPOSICION-PICASSO-AULA-ESPECIFICA-768x576.jpeg 768w, http:\/\/lopezdearenas.org\/inicio\/blog\/wp-content\/uploads\/2026\/04\/EXPOSICION-PICASSO-AULA-ESPECIFICA-1536x1152.jpeg 1536w, http:\/\/lopezdearenas.org\/inicio\/blog\/wp-content\/uploads\/2026\/04\/EXPOSICION-PICASSO-AULA-ESPECIFICA-400x300.jpeg 400w, http:\/\/lopezdearenas.org\/inicio\/blog\/wp-content\/uploads\/2026\/04\/EXPOSICION-PICASSO-AULA-ESPECIFICA.jpeg 2048w\" sizes=\"auto, (max-width: 1024px) 100vw, 1024px\" \/><\/figure>\n<\/figure>\n\n\n\n<h4 class=\"wp-block-heading\"><strong>Sevilla: Una Feria de Abril convertida en Feria del Libro<\/strong><\/h4>\n\n\n\n<p>Pero, sin duda, la nota m\u00e1s singular de la jornada ha llegado desde Sevilla. Aprovechando el marco de la Feria de Abril y la coincidencia con el D\u00eda Internacional del Libro, nuestras \u00abPersonas Libro\u00bb y personas lectoras de las Agrupaciones de centro han llevado sus textos al Real. En un despliegue de valent\u00eda y amor por las letras, han narrado sus historias por las calles de Sevilla, pero tambi\u00e9n  entre farolillos y casetas, convirtiendo la fiesta por excelencia en una feria de la literatura. Ha sido un acto revolucionario y po\u00e9tico que ha llevado a los centros participantes a una experiencia ins\u00f3lita y \u00fanica que seguro no olvidar\u00e1n nunca.<\/p>\n\n\n\n<figure class=\"wp-block-gallery has-nested-images columns-default is-cropped wp-block-gallery-2 is-layout-flex wp-block-gallery-is-layout-flex\">\n<figure class=\"wp-block-image size-large\"><img loading=\"lazy\" decoding=\"async\" width=\"1024\" height=\"768\" data-id=\"17965\" src=\"https:\/\/lopezdearenas.org\/inicio\/blog\/wp-content\/uploads\/2026\/04\/de-marchena-a-sevilla-1024x768.jpeg\" alt=\"\" class=\"wp-image-17965\" srcset=\"http:\/\/lopezdearenas.org\/inicio\/blog\/wp-content\/uploads\/2026\/04\/de-marchena-a-sevilla-1024x768.jpeg 1024w, http:\/\/lopezdearenas.org\/inicio\/blog\/wp-content\/uploads\/2026\/04\/de-marchena-a-sevilla-300x225.jpeg 300w, http:\/\/lopezdearenas.org\/inicio\/blog\/wp-content\/uploads\/2026\/04\/de-marchena-a-sevilla-768x576.jpeg 768w, http:\/\/lopezdearenas.org\/inicio\/blog\/wp-content\/uploads\/2026\/04\/de-marchena-a-sevilla-1536x1152.jpeg 1536w, http:\/\/lopezdearenas.org\/inicio\/blog\/wp-content\/uploads\/2026\/04\/de-marchena-a-sevilla-400x300.jpeg 400w, http:\/\/lopezdearenas.org\/inicio\/blog\/wp-content\/uploads\/2026\/04\/de-marchena-a-sevilla.jpeg 1600w\" sizes=\"auto, (max-width: 1024px) 100vw, 1024px\" \/><\/figure>\n\n\n\n<figure class=\"wp-block-image size-large\"><img loading=\"lazy\" decoding=\"async\" width=\"576\" height=\"1024\" data-id=\"17964\" src=\"https:\/\/lopezdearenas.org\/inicio\/blog\/wp-content\/uploads\/2026\/04\/en-sevilla-leyendo-576x1024.jpeg\" alt=\"\" class=\"wp-image-17964\" srcset=\"http:\/\/lopezdearenas.org\/inicio\/blog\/wp-content\/uploads\/2026\/04\/en-sevilla-leyendo-576x1024.jpeg 576w, http:\/\/lopezdearenas.org\/inicio\/blog\/wp-content\/uploads\/2026\/04\/en-sevilla-leyendo-169x300.jpeg 169w, http:\/\/lopezdearenas.org\/inicio\/blog\/wp-content\/uploads\/2026\/04\/en-sevilla-leyendo-768x1365.jpeg 768w, http:\/\/lopezdearenas.org\/inicio\/blog\/wp-content\/uploads\/2026\/04\/en-sevilla-leyendo-864x1536.jpeg 864w, http:\/\/lopezdearenas.org\/inicio\/blog\/wp-content\/uploads\/2026\/04\/en-sevilla-leyendo.jpeg 900w\" sizes=\"auto, (max-width: 576px) 100vw, 576px\" \/><\/figure>\n\n\n\n<figure class=\"wp-block-image size-large\"><img loading=\"lazy\" decoding=\"async\" width=\"1024\" height=\"576\" data-id=\"17966\" src=\"https:\/\/lopezdearenas.org\/inicio\/blog\/wp-content\/uploads\/2026\/04\/en-sevilla-leyendoo-1024x576.jpeg\" alt=\"\" class=\"wp-image-17966\" srcset=\"http:\/\/lopezdearenas.org\/inicio\/blog\/wp-content\/uploads\/2026\/04\/en-sevilla-leyendoo-1024x576.jpeg 1024w, http:\/\/lopezdearenas.org\/inicio\/blog\/wp-content\/uploads\/2026\/04\/en-sevilla-leyendoo-300x169.jpeg 300w, http:\/\/lopezdearenas.org\/inicio\/blog\/wp-content\/uploads\/2026\/04\/en-sevilla-leyendoo-768x432.jpeg 768w, http:\/\/lopezdearenas.org\/inicio\/blog\/wp-content\/uploads\/2026\/04\/en-sevilla-leyendoo-1536x864.jpeg 1536w, http:\/\/lopezdearenas.org\/inicio\/blog\/wp-content\/uploads\/2026\/04\/en-sevilla-leyendoo-500x281.jpeg 500w, http:\/\/lopezdearenas.org\/inicio\/blog\/wp-content\/uploads\/2026\/04\/en-sevilla-leyendoo.jpeg 2040w\" sizes=\"auto, (max-width: 1024px) 100vw, 1024px\" \/><\/figure>\n\n\n\n<figure class=\"wp-block-image size-large\"><img loading=\"lazy\" decoding=\"async\" width=\"1024\" height=\"768\" data-id=\"17969\" src=\"https:\/\/lopezdearenas.org\/inicio\/blog\/wp-content\/uploads\/2026\/04\/en-sevilla-1024x768.jpeg\" alt=\"\" class=\"wp-image-17969\" srcset=\"http:\/\/lopezdearenas.org\/inicio\/blog\/wp-content\/uploads\/2026\/04\/en-sevilla-1024x768.jpeg 1024w, http:\/\/lopezdearenas.org\/inicio\/blog\/wp-content\/uploads\/2026\/04\/en-sevilla-300x225.jpeg 300w, http:\/\/lopezdearenas.org\/inicio\/blog\/wp-content\/uploads\/2026\/04\/en-sevilla-768x576.jpeg 768w, http:\/\/lopezdearenas.org\/inicio\/blog\/wp-content\/uploads\/2026\/04\/en-sevilla-1536x1152.jpeg 1536w, http:\/\/lopezdearenas.org\/inicio\/blog\/wp-content\/uploads\/2026\/04\/en-sevilla-400x300.jpeg 400w, http:\/\/lopezdearenas.org\/inicio\/blog\/wp-content\/uploads\/2026\/04\/en-sevilla.jpeg 2000w\" sizes=\"auto, (max-width: 1024px) 100vw, 1024px\" \/><\/figure>\n\n\n\n<figure class=\"wp-block-image size-large\"><img loading=\"lazy\" decoding=\"async\" width=\"768\" height=\"1024\" data-id=\"17968\" src=\"https:\/\/lopezdearenas.org\/inicio\/blog\/wp-content\/uploads\/2026\/04\/Feria-del-libro-feria-de-la-literatura-2-768x1024.jpeg\" alt=\"\" class=\"wp-image-17968\" srcset=\"http:\/\/lopezdearenas.org\/inicio\/blog\/wp-content\/uploads\/2026\/04\/Feria-del-libro-feria-de-la-literatura-2-768x1024.jpeg 768w, http:\/\/lopezdearenas.org\/inicio\/blog\/wp-content\/uploads\/2026\/04\/Feria-del-libro-feria-de-la-literatura-2-225x300.jpeg 225w, http:\/\/lopezdearenas.org\/inicio\/blog\/wp-content\/uploads\/2026\/04\/Feria-del-libro-feria-de-la-literatura-2-1152x1536.jpeg 1152w, http:\/\/lopezdearenas.org\/inicio\/blog\/wp-content\/uploads\/2026\/04\/Feria-del-libro-feria-de-la-literatura-2.jpeg 1536w\" sizes=\"auto, (max-width: 768px) 100vw, 768px\" \/><\/figure>\n\n\n\n<figure class=\"wp-block-image size-large\"><img loading=\"lazy\" decoding=\"async\" width=\"576\" height=\"1024\" data-id=\"17967\" src=\"https:\/\/lopezdearenas.org\/inicio\/blog\/wp-content\/uploads\/2026\/04\/Feria-del-libro-feria-de-la-literatura22-2-576x1024.jpeg\" alt=\"\" class=\"wp-image-17967\" srcset=\"http:\/\/lopezdearenas.org\/inicio\/blog\/wp-content\/uploads\/2026\/04\/Feria-del-libro-feria-de-la-literatura22-2-576x1024.jpeg 576w, http:\/\/lopezdearenas.org\/inicio\/blog\/wp-content\/uploads\/2026\/04\/Feria-del-libro-feria-de-la-literatura22-2-169x300.jpeg 169w, http:\/\/lopezdearenas.org\/inicio\/blog\/wp-content\/uploads\/2026\/04\/Feria-del-libro-feria-de-la-literatura22-2-768x1365.jpeg 768w, http:\/\/lopezdearenas.org\/inicio\/blog\/wp-content\/uploads\/2026\/04\/Feria-del-libro-feria-de-la-literatura22-2-864x1536.jpeg 864w, http:\/\/lopezdearenas.org\/inicio\/blog\/wp-content\/uploads\/2026\/04\/Feria-del-libro-feria-de-la-literatura22-2.jpeg 1152w\" sizes=\"auto, (max-width: 576px) 100vw, 576px\" \/><\/figure>\n<\/figure>\n\n\n\n<p>Ma\u00f1ana viernes cerramos por todo lo alto con los talleres literarios, la Ceremonia del VI Concurso de Microrrelatos y el recital en ingl\u00e9s. \u00a1No te lo pierdas!<\/p>\n\n\n\n<p><\/p>\n","protected":false},"excerpt":{"rendered":"<p>Hoy, D\u00eda Internacional del Libro, la programaci\u00f3n ha sido una mezcla perfecta de tradici\u00f3n local, arte inclusivo y excursiones literarias. Os contamos: La ma\u00f1ana con el alumnado de 4\u00ba de ESO y una Visita Teatralizada en ingl\u00e9s, partiendo desde el &hellip; <a href=\"http:\/\/lopezdearenas.org\/inicio\/blog\/la-cultura-toma-las-calles-y-la-feria-se-hace-literatura-cronica-del-jueves-23-de-la-semana-de-las-artes-y-las-humanidades\/\">Sigue leyendo <span class=\"meta-nav\">&rarr;<\/span><\/a><\/p>\n","protected":false},"author":82,"featured_media":0,"comment_status":"closed","ping_status":"open","sticky":false,"template":"","format":"standard","meta":{"_jetpack_memberships_contains_paid_content":false,"footnotes":"","jetpack_publicize_message":"","jetpack_publicize_feature_enabled":true,"jetpack_social_post_already_shared":true,"jetpack_social_options":{"image_generator_settings":{"template":"highway","default_image_id":0,"enabled":false},"version":2}},"categories":[5],"tags":[321,206,42,320,323,57,167,199,80,114],"class_list":["post-17950","post","type-post","status-publish","format-standard","hentry","category-novedades","tag-agrupaciones-de-centros","tag-aula-especifica","tag-bilinguismo","tag-exposicion","tag-feria-de-sevilla","tag-feria-del-libro","tag-la-voz-a-ti-debida","tag-personas-libro","tag-semana-de-las-artes-y-las-humanidades","tag-teatro"],"jetpack_publicize_connections":[],"jetpack_featured_media_url":"","jetpack_sharing_enabled":true,"_links":{"self":[{"href":"http:\/\/lopezdearenas.org\/inicio\/blog\/wp-json\/wp\/v2\/posts\/17950","targetHints":{"allow":["GET"]}}],"collection":[{"href":"http:\/\/lopezdearenas.org\/inicio\/blog\/wp-json\/wp\/v2\/posts"}],"about":[{"href":"http:\/\/lopezdearenas.org\/inicio\/blog\/wp-json\/wp\/v2\/types\/post"}],"author":[{"embeddable":true,"href":"http:\/\/lopezdearenas.org\/inicio\/blog\/wp-json\/wp\/v2\/users\/82"}],"replies":[{"embeddable":true,"href":"http:\/\/lopezdearenas.org\/inicio\/blog\/wp-json\/wp\/v2\/comments?post=17950"}],"version-history":[{"count":1,"href":"http:\/\/lopezdearenas.org\/inicio\/blog\/wp-json\/wp\/v2\/posts\/17950\/revisions"}],"predecessor-version":[{"id":17970,"href":"http:\/\/lopezdearenas.org\/inicio\/blog\/wp-json\/wp\/v2\/posts\/17950\/revisions\/17970"}],"wp:attachment":[{"href":"http:\/\/lopezdearenas.org\/inicio\/blog\/wp-json\/wp\/v2\/media?parent=17950"}],"wp:term":[{"taxonomy":"category","embeddable":true,"href":"http:\/\/lopezdearenas.org\/inicio\/blog\/wp-json\/wp\/v2\/categories?post=17950"},{"taxonomy":"post_tag","embeddable":true,"href":"http:\/\/lopezdearenas.org\/inicio\/blog\/wp-json\/wp\/v2\/tags?post=17950"}],"curies":[{"name":"wp","href":"https:\/\/api.w.org\/{rel}","templated":true}]}}