{"id":17780,"date":"2026-03-15T10:58:16","date_gmt":"2026-03-15T09:58:16","guid":{"rendered":"https:\/\/lopezdearenas.org\/inicio\/blog\/?p=17780"},"modified":"2026-03-15T10:58:16","modified_gmt":"2026-03-15T09:58:16","slug":"el-ies-lopez-de-arenas-en-las-noticias-rtv-marchena-destaca-el-doblete-alcanzado-en-el-v-torneo-de-debate-de-la-provincia-de-sevilla","status":"publish","type":"post","link":"http:\/\/lopezdearenas.org\/inicio\/blog\/el-ies-lopez-de-arenas-en-las-noticias-rtv-marchena-destaca-el-doblete-alcanzado-en-el-v-torneo-de-debate-de-la-provincia-de-sevilla\/","title":{"rendered":"El IES L\u00f3pez de Arenas en las noticias: RTV Marchena destaca el doblete alcanzado en el V Torneo de Debate de la Provincia de Sevilla"},"content":{"rendered":"\n<p>El nombre del IES L\u00f3pez de Arenas sigue brillando tras nuestra reciente victoria en el V Torneo de Debate Educativo. En esta ocasi\u00f3n, nos hacemos eco de la excelente cobertura realizada por RTV Marchena, que ha calificado nuestra actuaci\u00f3n como una \u00abhaza\u00f1a\u00bb que nos sit\u00faa entre los referentes de la oratoria en la provincia de Sevilla.<\/p>\n\n\n\n<figure class=\"wp-block-embed is-type-video is-provider-youtube wp-block-embed-youtube wp-embed-aspect-16-9 wp-has-aspect-ratio\"><div class=\"wp-block-embed__wrapper\">\n<iframe loading=\"lazy\" title=\"Doblete hist\u00f3rico del IES L\u00f3pez de Arenas en el Torneo Provincial de Debate Educativo\" width=\"584\" height=\"329\" src=\"https:\/\/www.youtube.com\/embed\/6qSq6VSJ2_4?feature=oembed\" frameborder=\"0\" allow=\"accelerometer; autoplay; clipboard-write; encrypted-media; gyroscope; picture-in-picture; web-share\" referrerpolicy=\"strict-origin-when-cross-origin\" allowfullscreen><\/iframe>\n<\/div><\/figure>\n\n\n\n<p>Tal y como destaca el medio de comunicaci\u00f3n, el doble triunfo en las modalidades de castellano e ingl\u00e9s no fue tarea f\u00e1cil. La competici\u00f3n, organizada por la Consejer\u00eda de Desarrollo Educativo y FP, nos enfrent\u00f3 a m\u00e1s de 40 centros en una fase provincial de alt\u00edsima exigencia.<\/p>\n\n\n\n<p>El reportaje incluye el v\u00eddeo elaborado por los propios estudiantes, donde relatan en primera persona los momentos m\u00e1s emocionantes de esta competici\u00f3n que ya forma parte de la historia del IES L\u00f3pez de Arenas. Desde el centro, agradecemos a RTV Marchena el espacio dedicado a difundir este logro. Este tipo de noticias refuerzan nuestro compromiso con una educaci\u00f3n p\u00fablica que fomenta el pensamiento cr\u00edtico y la capacidad de expresi\u00f3n de nuestros j\u00f3venes.<\/p>\n","protected":false},"excerpt":{"rendered":"<p>El nombre del IES L\u00f3pez de Arenas sigue brillando tras nuestra reciente victoria en el V Torneo de Debate Educativo. En esta ocasi\u00f3n, nos hacemos eco de la excelente cobertura realizada por RTV Marchena, que ha calificado nuestra actuaci\u00f3n como &hellip; <a href=\"http:\/\/lopezdearenas.org\/inicio\/blog\/el-ies-lopez-de-arenas-en-las-noticias-rtv-marchena-destaca-el-doblete-alcanzado-en-el-v-torneo-de-debate-de-la-provincia-de-sevilla\/\">Sigue leyendo <span class=\"meta-nav\">&rarr;<\/span><\/a><\/p>\n","protected":false},"author":82,"featured_media":0,"comment_status":"closed","ping_status":"open","sticky":false,"template":"","format":"standard","meta":{"_jetpack_memberships_contains_paid_content":false,"footnotes":"","jetpack_publicize_message":"","jetpack_publicize_feature_enabled":true,"jetpack_social_post_already_shared":true,"jetpack_social_options":{"image_generator_settings":{"template":"highway","default_image_id":0,"enabled":false},"version":2}},"categories":[5],"tags":[194,253,279,195],"class_list":["post-17780","post","type-post","status-publish","format-standard","hentry","category-novedades","tag-debate-educativo","tag-premios","tag-rtv-marchena","tag-torneo-de-debate"],"jetpack_publicize_connections":[],"jetpack_featured_media_url":"","jetpack_sharing_enabled":true,"_links":{"self":[{"href":"http:\/\/lopezdearenas.org\/inicio\/blog\/wp-json\/wp\/v2\/posts\/17780","targetHints":{"allow":["GET"]}}],"collection":[{"href":"http:\/\/lopezdearenas.org\/inicio\/blog\/wp-json\/wp\/v2\/posts"}],"about":[{"href":"http:\/\/lopezdearenas.org\/inicio\/blog\/wp-json\/wp\/v2\/types\/post"}],"author":[{"embeddable":true,"href":"http:\/\/lopezdearenas.org\/inicio\/blog\/wp-json\/wp\/v2\/users\/82"}],"replies":[{"embeddable":true,"href":"http:\/\/lopezdearenas.org\/inicio\/blog\/wp-json\/wp\/v2\/comments?post=17780"}],"version-history":[{"count":1,"href":"http:\/\/lopezdearenas.org\/inicio\/blog\/wp-json\/wp\/v2\/posts\/17780\/revisions"}],"predecessor-version":[{"id":17781,"href":"http:\/\/lopezdearenas.org\/inicio\/blog\/wp-json\/wp\/v2\/posts\/17780\/revisions\/17781"}],"wp:attachment":[{"href":"http:\/\/lopezdearenas.org\/inicio\/blog\/wp-json\/wp\/v2\/media?parent=17780"}],"wp:term":[{"taxonomy":"category","embeddable":true,"href":"http:\/\/lopezdearenas.org\/inicio\/blog\/wp-json\/wp\/v2\/categories?post=17780"},{"taxonomy":"post_tag","embeddable":true,"href":"http:\/\/lopezdearenas.org\/inicio\/blog\/wp-json\/wp\/v2\/tags?post=17780"}],"curies":[{"name":"wp","href":"https:\/\/api.w.org\/{rel}","templated":true}]}}