{"id":17768,"date":"2026-03-12T22:39:59","date_gmt":"2026-03-12T21:39:59","guid":{"rendered":"https:\/\/lopezdearenas.org\/inicio\/blog\/?p=17768"},"modified":"2026-03-12T22:39:59","modified_gmt":"2026-03-12T21:39:59","slug":"jornada-sobre-la-fp-organizada-por-fad-juventud-y-fundacion-unicaja-vidas-que-cambian","status":"publish","type":"post","link":"http:\/\/lopezdearenas.org\/inicio\/blog\/jornada-sobre-la-fp-organizada-por-fad-juventud-y-fundacion-unicaja-vidas-que-cambian\/","title":{"rendered":"Jornada sobre la FP organizada por Fad Juventud y Fundaci\u00f3n Unicaja: vidas que cambian"},"content":{"rendered":"\n<figure class=\"wp-block-image size-large\"><img loading=\"lazy\" decoding=\"async\" width=\"768\" height=\"1024\" src=\"https:\/\/lopezdearenas.org\/inicio\/blog\/wp-content\/uploads\/2026\/03\/WhatsApp-Image-2026-03-12-at-20.15.50-1-768x1024.jpeg\" alt=\"\" class=\"wp-image-17769\" srcset=\"http:\/\/lopezdearenas.org\/inicio\/blog\/wp-content\/uploads\/2026\/03\/WhatsApp-Image-2026-03-12-at-20.15.50-1-768x1024.jpeg 768w, http:\/\/lopezdearenas.org\/inicio\/blog\/wp-content\/uploads\/2026\/03\/WhatsApp-Image-2026-03-12-at-20.15.50-1-225x300.jpeg 225w, http:\/\/lopezdearenas.org\/inicio\/blog\/wp-content\/uploads\/2026\/03\/WhatsApp-Image-2026-03-12-at-20.15.50-1-1152x1536.jpeg 1152w, http:\/\/lopezdearenas.org\/inicio\/blog\/wp-content\/uploads\/2026\/03\/WhatsApp-Image-2026-03-12-at-20.15.50-1.jpeg 1200w\" sizes=\"auto, (max-width: 768px) 100vw, 768px\" \/><\/figure>\n\n\n\n<p><strong>Sevilla, 12 de marzo de 2026.<\/strong> Fad Juventud y Fundaci\u00f3n Unicaja han celebrado hoy una jornada centrada en el papel actual de la Formaci\u00f3n Profesional (FP) y su impacto en la empleabilidad juvenil, con la participaci\u00f3n de instituciones, expertos y j\u00f3venes estudiantes.<\/p>\n\n\n\n<figure class=\"wp-block-image size-large\"><img loading=\"lazy\" decoding=\"async\" width=\"1024\" height=\"768\" src=\"https:\/\/lopezdearenas.org\/inicio\/blog\/wp-content\/uploads\/2026\/03\/WhatsApp-Image-2026-03-12-at-20.15.50-2-1024x768.jpeg\" alt=\"\" class=\"wp-image-17770\" srcset=\"http:\/\/lopezdearenas.org\/inicio\/blog\/wp-content\/uploads\/2026\/03\/WhatsApp-Image-2026-03-12-at-20.15.50-2-1024x768.jpeg 1024w, http:\/\/lopezdearenas.org\/inicio\/blog\/wp-content\/uploads\/2026\/03\/WhatsApp-Image-2026-03-12-at-20.15.50-2-300x225.jpeg 300w, http:\/\/lopezdearenas.org\/inicio\/blog\/wp-content\/uploads\/2026\/03\/WhatsApp-Image-2026-03-12-at-20.15.50-2-768x576.jpeg 768w, http:\/\/lopezdearenas.org\/inicio\/blog\/wp-content\/uploads\/2026\/03\/WhatsApp-Image-2026-03-12-at-20.15.50-2-1536x1152.jpeg 1536w, http:\/\/lopezdearenas.org\/inicio\/blog\/wp-content\/uploads\/2026\/03\/WhatsApp-Image-2026-03-12-at-20.15.50-2-400x300.jpeg 400w, http:\/\/lopezdearenas.org\/inicio\/blog\/wp-content\/uploads\/2026\/03\/WhatsApp-Image-2026-03-12-at-20.15.50-2.jpeg 1600w\" sizes=\"auto, (max-width: 1024px) 100vw, 1024px\" \/><\/figure>\n\n\n\n<p>El acto fue inaugurado por <strong>Jos\u00e9 Luis Garc\u00eda Mart\u00edn<\/strong>, <strong>Beatriz Mart\u00edn Padura<\/strong> y <strong>Gerardo Lerones<\/strong>, quienes destacaron el avance de la FP como opci\u00f3n formativa estrat\u00e9gica. Posteriormente, <strong>Pedro Fern\u00e1ndez de Castro<\/strong> present\u00f3 la investigaci\u00f3n <em>\u201cPercepci\u00f3n de la FP por la juventud espa\u00f1ola\u201d<\/em>, que refleja una mejora significativa en la valoraci\u00f3n de esta v\u00eda educativa.<\/p>\n\n\n\n<figure class=\"wp-block-image size-large\"><img loading=\"lazy\" decoding=\"async\" width=\"1024\" height=\"768\" src=\"https:\/\/lopezdearenas.org\/inicio\/blog\/wp-content\/uploads\/2026\/03\/WhatsApp-Image-2026-03-12-at-20.15.50-1024x768.jpeg\" alt=\"\" class=\"wp-image-17771\" srcset=\"http:\/\/lopezdearenas.org\/inicio\/blog\/wp-content\/uploads\/2026\/03\/WhatsApp-Image-2026-03-12-at-20.15.50-1024x768.jpeg 1024w, http:\/\/lopezdearenas.org\/inicio\/blog\/wp-content\/uploads\/2026\/03\/WhatsApp-Image-2026-03-12-at-20.15.50-300x225.jpeg 300w, http:\/\/lopezdearenas.org\/inicio\/blog\/wp-content\/uploads\/2026\/03\/WhatsApp-Image-2026-03-12-at-20.15.50-768x576.jpeg 768w, http:\/\/lopezdearenas.org\/inicio\/blog\/wp-content\/uploads\/2026\/03\/WhatsApp-Image-2026-03-12-at-20.15.50-1536x1152.jpeg 1536w, http:\/\/lopezdearenas.org\/inicio\/blog\/wp-content\/uploads\/2026\/03\/WhatsApp-Image-2026-03-12-at-20.15.50-400x300.jpeg 400w, http:\/\/lopezdearenas.org\/inicio\/blog\/wp-content\/uploads\/2026\/03\/WhatsApp-Image-2026-03-12-at-20.15.50.jpeg 1600w\" sizes=\"auto, (max-width: 1024px) 100vw, 1024px\" \/><\/figure>\n\n\n\n<p>La mesa de di\u00e1logo <em>\u201cLa FP ya no es el plan B\u201d<\/em> reuni\u00f3 a representantes de Fundaci\u00f3n Novia Salcedo, ACES Andaluc\u00eda y el IES Padre Jos\u00e9 Miravent, subrayando la necesidad de reforzar la conexi\u00f3n entre formaci\u00f3n y mercado laboral.<\/p>\n\n\n\n<p>Tambi\u00e9n se present\u00f3 el proyecto <strong>\u201cHorizonte empleo\u201d<\/strong>, con sus principales logros y avances en orientaci\u00f3n y acompa\u00f1amiento juvenil.<\/p>\n\n\n\n<p>La voz de los j\u00f3venes estuvo presente en la mesa redonda moderada por el escritor y periodista <strong>Julio Mu\u00f1oz<\/strong>, con estudiantes de Co\u00edn y de nuestro centro y el joven emprendedor Alfonso Mart\u00ednez Bernal, quienes compartieron su experiencia directa sobre formaci\u00f3n y empleo.<\/p>\n\n\n\n<p>El cierre corri\u00f3 a cargo de <strong>Rafael Mart\u00edn Humanes<\/strong>, que reafirm\u00f3 el compromiso institucional con el impulso de la FP en Andaluc\u00eda.<\/p>\n\n\n\n<figure class=\"wp-block-image size-large\"><img loading=\"lazy\" decoding=\"async\" width=\"768\" height=\"1024\" src=\"https:\/\/lopezdearenas.org\/inicio\/blog\/wp-content\/uploads\/2026\/03\/WhatsApp-Image-2026-03-12-at-20.16.06-768x1024.jpeg\" alt=\"\" class=\"wp-image-17772\" srcset=\"http:\/\/lopezdearenas.org\/inicio\/blog\/wp-content\/uploads\/2026\/03\/WhatsApp-Image-2026-03-12-at-20.16.06-768x1024.jpeg 768w, http:\/\/lopezdearenas.org\/inicio\/blog\/wp-content\/uploads\/2026\/03\/WhatsApp-Image-2026-03-12-at-20.16.06-225x300.jpeg 225w, http:\/\/lopezdearenas.org\/inicio\/blog\/wp-content\/uploads\/2026\/03\/WhatsApp-Image-2026-03-12-at-20.16.06-1152x1536.jpeg 1152w, http:\/\/lopezdearenas.org\/inicio\/blog\/wp-content\/uploads\/2026\/03\/WhatsApp-Image-2026-03-12-at-20.16.06.jpeg 1200w\" sizes=\"auto, (max-width: 768px) 100vw, 768px\" \/><\/figure>\n\n\n\n<p><\/p>\n","protected":false},"excerpt":{"rendered":"<p>Sevilla, 12 de marzo de 2026. Fad Juventud y Fundaci\u00f3n Unicaja han celebrado hoy una jornada centrada en el papel actual de la Formaci\u00f3n Profesional (FP) y su impacto en la empleabilidad juvenil, con la participaci\u00f3n de instituciones, expertos y &hellip; <a href=\"http:\/\/lopezdearenas.org\/inicio\/blog\/jornada-sobre-la-fp-organizada-por-fad-juventud-y-fundacion-unicaja-vidas-que-cambian\/\">Sigue leyendo <span class=\"meta-nav\">&rarr;<\/span><\/a><\/p>\n","protected":false},"author":82,"featured_media":0,"comment_status":"closed","ping_status":"open","sticky":false,"template":"","format":"standard","meta":{"_jetpack_memberships_contains_paid_content":false,"footnotes":"","jetpack_publicize_message":"","jetpack_publicize_feature_enabled":true,"jetpack_social_post_already_shared":true,"jetpack_social_options":{"image_generator_settings":{"template":"highway","default_image_id":0,"enabled":false},"version":2}},"categories":[5],"tags":[312,186,214,241],"class_list":["post-17768","post","type-post","status-publish","format-standard","hentry","category-novedades","tag-empleo","tag-fp","tag-grado-medio","tag-jornadas"],"jetpack_publicize_connections":[],"jetpack_featured_media_url":"","jetpack_sharing_enabled":true,"_links":{"self":[{"href":"http:\/\/lopezdearenas.org\/inicio\/blog\/wp-json\/wp\/v2\/posts\/17768","targetHints":{"allow":["GET"]}}],"collection":[{"href":"http:\/\/lopezdearenas.org\/inicio\/blog\/wp-json\/wp\/v2\/posts"}],"about":[{"href":"http:\/\/lopezdearenas.org\/inicio\/blog\/wp-json\/wp\/v2\/types\/post"}],"author":[{"embeddable":true,"href":"http:\/\/lopezdearenas.org\/inicio\/blog\/wp-json\/wp\/v2\/users\/82"}],"replies":[{"embeddable":true,"href":"http:\/\/lopezdearenas.org\/inicio\/blog\/wp-json\/wp\/v2\/comments?post=17768"}],"version-history":[{"count":1,"href":"http:\/\/lopezdearenas.org\/inicio\/blog\/wp-json\/wp\/v2\/posts\/17768\/revisions"}],"predecessor-version":[{"id":17773,"href":"http:\/\/lopezdearenas.org\/inicio\/blog\/wp-json\/wp\/v2\/posts\/17768\/revisions\/17773"}],"wp:attachment":[{"href":"http:\/\/lopezdearenas.org\/inicio\/blog\/wp-json\/wp\/v2\/media?parent=17768"}],"wp:term":[{"taxonomy":"category","embeddable":true,"href":"http:\/\/lopezdearenas.org\/inicio\/blog\/wp-json\/wp\/v2\/categories?post=17768"},{"taxonomy":"post_tag","embeddable":true,"href":"http:\/\/lopezdearenas.org\/inicio\/blog\/wp-json\/wp\/v2\/tags?post=17768"}],"curies":[{"name":"wp","href":"https:\/\/api.w.org\/{rel}","templated":true}]}}