{"id":17714,"date":"2026-03-05T22:50:15","date_gmt":"2026-03-05T21:50:15","guid":{"rendered":"https:\/\/lopezdearenas.org\/inicio\/blog\/?p=17714"},"modified":"2026-03-05T22:50:51","modified_gmt":"2026-03-05T21:50:51","slug":"doblete-historico-el-ies-lopez-de-arenas-campeon-provincial-de-debate-en-castellano-e-ingles","status":"publish","type":"post","link":"http:\/\/lopezdearenas.org\/inicio\/blog\/doblete-historico-el-ies-lopez-de-arenas-campeon-provincial-de-debate-en-castellano-e-ingles\/","title":{"rendered":"\u00a1Doblete Hist\u00f3rico! El IES L\u00f3pez de Arenas Campe\u00f3n Provincial de Debate en Castellano e Ingl\u00e9s"},"content":{"rendered":"\n<figure class=\"wp-block-image size-large\"><img loading=\"lazy\" decoding=\"async\" width=\"1024\" height=\"768\" src=\"https:\/\/lopezdearenas.org\/inicio\/blog\/wp-content\/uploads\/2026\/03\/WhatsApp-Image-2026-03-05-at-14.32.47-1024x768.jpeg\" alt=\"\" class=\"wp-image-17720\" srcset=\"http:\/\/lopezdearenas.org\/inicio\/blog\/wp-content\/uploads\/2026\/03\/WhatsApp-Image-2026-03-05-at-14.32.47-1024x768.jpeg 1024w, http:\/\/lopezdearenas.org\/inicio\/blog\/wp-content\/uploads\/2026\/03\/WhatsApp-Image-2026-03-05-at-14.32.47-300x225.jpeg 300w, http:\/\/lopezdearenas.org\/inicio\/blog\/wp-content\/uploads\/2026\/03\/WhatsApp-Image-2026-03-05-at-14.32.47-768x576.jpeg 768w, http:\/\/lopezdearenas.org\/inicio\/blog\/wp-content\/uploads\/2026\/03\/WhatsApp-Image-2026-03-05-at-14.32.47-1536x1152.jpeg 1536w, http:\/\/lopezdearenas.org\/inicio\/blog\/wp-content\/uploads\/2026\/03\/WhatsApp-Image-2026-03-05-at-14.32.47-400x300.jpeg 400w, http:\/\/lopezdearenas.org\/inicio\/blog\/wp-content\/uploads\/2026\/03\/WhatsApp-Image-2026-03-05-at-14.32.47.jpeg 1600w\" sizes=\"auto, (max-width: 1024px) 100vw, 1024px\" \/><\/figure>\n\n\n\n<p>El IES L\u00f3pez de Arenas se ha proclamado vencedor del V Torneo de Debate Educativo en su fase provincial, logrando el primer puesto tanto en la Modalidad de Castellano como en la Modalidad de Ingl\u00e9s.<\/p>\n\n\n\n<figure class=\"wp-block-image size-large\"><img loading=\"lazy\" decoding=\"async\" width=\"1024\" height=\"768\" src=\"https:\/\/lopezdearenas.org\/inicio\/blog\/wp-content\/uploads\/2026\/03\/WhatsApp-Image-2026-03-05-at-18.57.06-1024x768.jpeg\" alt=\"\" class=\"wp-image-17715\" srcset=\"http:\/\/lopezdearenas.org\/inicio\/blog\/wp-content\/uploads\/2026\/03\/WhatsApp-Image-2026-03-05-at-18.57.06-1024x768.jpeg 1024w, http:\/\/lopezdearenas.org\/inicio\/blog\/wp-content\/uploads\/2026\/03\/WhatsApp-Image-2026-03-05-at-18.57.06-300x225.jpeg 300w, http:\/\/lopezdearenas.org\/inicio\/blog\/wp-content\/uploads\/2026\/03\/WhatsApp-Image-2026-03-05-at-18.57.06-768x576.jpeg 768w, http:\/\/lopezdearenas.org\/inicio\/blog\/wp-content\/uploads\/2026\/03\/WhatsApp-Image-2026-03-05-at-18.57.06-1536x1152.jpeg 1536w, http:\/\/lopezdearenas.org\/inicio\/blog\/wp-content\/uploads\/2026\/03\/WhatsApp-Image-2026-03-05-at-18.57.06-400x300.jpeg 400w, http:\/\/lopezdearenas.org\/inicio\/blog\/wp-content\/uploads\/2026\/03\/WhatsApp-Image-2026-03-05-at-18.57.06.jpeg 1600w\" sizes=\"auto, (max-width: 1024px) 100vw, 1024px\" \/><\/figure>\n\n\n\n<p>En un torneo de una exigencia m\u00e1xima, disputado durante los d\u00edas 3 y 5 de marzo, nuestro alumnado ha competido contra m\u00e1s de 42 centros de toda la provincia de Sevilla. Tras intensas jornadas de argumentaci\u00f3n, pensamiento cr\u00edtico y oratoria, el IES L\u00f3pez de Arenas alcanz\u00f3 ambas finales, demostrando un nivel de excelencia abrumador.<\/p>\n\n\n\n<ul class=\"wp-block-list\">\n<li>En Castellano: frente al IES Fuente Nueva.<\/li>\n<\/ul>\n\n\n\n<figure class=\"wp-block-image size-large\"><img loading=\"lazy\" decoding=\"async\" width=\"1024\" height=\"768\" src=\"https:\/\/lopezdearenas.org\/inicio\/blog\/wp-content\/uploads\/2026\/03\/WhatsApp-Image-2026-03-05-at-15.55.37-1024x768.jpeg\" alt=\"\" class=\"wp-image-17717\" srcset=\"http:\/\/lopezdearenas.org\/inicio\/blog\/wp-content\/uploads\/2026\/03\/WhatsApp-Image-2026-03-05-at-15.55.37-1024x768.jpeg 1024w, http:\/\/lopezdearenas.org\/inicio\/blog\/wp-content\/uploads\/2026\/03\/WhatsApp-Image-2026-03-05-at-15.55.37-300x225.jpeg 300w, http:\/\/lopezdearenas.org\/inicio\/blog\/wp-content\/uploads\/2026\/03\/WhatsApp-Image-2026-03-05-at-15.55.37-768x576.jpeg 768w, http:\/\/lopezdearenas.org\/inicio\/blog\/wp-content\/uploads\/2026\/03\/WhatsApp-Image-2026-03-05-at-15.55.37-1536x1152.jpeg 1536w, http:\/\/lopezdearenas.org\/inicio\/blog\/wp-content\/uploads\/2026\/03\/WhatsApp-Image-2026-03-05-at-15.55.37-400x300.jpeg 400w, http:\/\/lopezdearenas.org\/inicio\/blog\/wp-content\/uploads\/2026\/03\/WhatsApp-Image-2026-03-05-at-15.55.37.jpeg 2048w\" sizes=\"auto, (max-width: 1024px) 100vw, 1024px\" \/><\/figure>\n\n\n\n<figure class=\"wp-block-image size-large\"><img loading=\"lazy\" decoding=\"async\" width=\"1024\" height=\"768\" src=\"https:\/\/lopezdearenas.org\/inicio\/blog\/wp-content\/uploads\/2026\/03\/WhatsApp-Image-2026-03-05-at-15.55.37-1-1024x768.jpeg\" alt=\"\" class=\"wp-image-17716\" srcset=\"http:\/\/lopezdearenas.org\/inicio\/blog\/wp-content\/uploads\/2026\/03\/WhatsApp-Image-2026-03-05-at-15.55.37-1-1024x768.jpeg 1024w, http:\/\/lopezdearenas.org\/inicio\/blog\/wp-content\/uploads\/2026\/03\/WhatsApp-Image-2026-03-05-at-15.55.37-1-300x225.jpeg 300w, http:\/\/lopezdearenas.org\/inicio\/blog\/wp-content\/uploads\/2026\/03\/WhatsApp-Image-2026-03-05-at-15.55.37-1-768x576.jpeg 768w, http:\/\/lopezdearenas.org\/inicio\/blog\/wp-content\/uploads\/2026\/03\/WhatsApp-Image-2026-03-05-at-15.55.37-1-1536x1152.jpeg 1536w, http:\/\/lopezdearenas.org\/inicio\/blog\/wp-content\/uploads\/2026\/03\/WhatsApp-Image-2026-03-05-at-15.55.37-1-400x300.jpeg 400w, http:\/\/lopezdearenas.org\/inicio\/blog\/wp-content\/uploads\/2026\/03\/WhatsApp-Image-2026-03-05-at-15.55.37-1.jpeg 2048w\" sizes=\"auto, (max-width: 1024px) 100vw, 1024px\" \/><\/figure>\n\n\n\n<ul class=\"wp-block-list\">\n<li>En Ingl\u00e9s: En una demostraci\u00f3n de competencia ling\u00fc\u00edstica y agilidad mental, logramos la victoria frente al IES Llanes.<\/li>\n<\/ul>\n\n\n\n<figure class=\"wp-block-image size-large\"><img loading=\"lazy\" decoding=\"async\" width=\"1024\" height=\"768\" src=\"https:\/\/lopezdearenas.org\/inicio\/blog\/wp-content\/uploads\/2026\/03\/WhatsApp-Image-2026-03-05-at-15.55.38-1024x768.jpeg\" alt=\"\" class=\"wp-image-17718\" srcset=\"http:\/\/lopezdearenas.org\/inicio\/blog\/wp-content\/uploads\/2026\/03\/WhatsApp-Image-2026-03-05-at-15.55.38-1024x768.jpeg 1024w, http:\/\/lopezdearenas.org\/inicio\/blog\/wp-content\/uploads\/2026\/03\/WhatsApp-Image-2026-03-05-at-15.55.38-300x225.jpeg 300w, http:\/\/lopezdearenas.org\/inicio\/blog\/wp-content\/uploads\/2026\/03\/WhatsApp-Image-2026-03-05-at-15.55.38-768x576.jpeg 768w, http:\/\/lopezdearenas.org\/inicio\/blog\/wp-content\/uploads\/2026\/03\/WhatsApp-Image-2026-03-05-at-15.55.38-1536x1152.jpeg 1536w, http:\/\/lopezdearenas.org\/inicio\/blog\/wp-content\/uploads\/2026\/03\/WhatsApp-Image-2026-03-05-at-15.55.38-400x300.jpeg 400w, http:\/\/lopezdearenas.org\/inicio\/blog\/wp-content\/uploads\/2026\/03\/WhatsApp-Image-2026-03-05-at-15.55.38.jpeg 2048w\" sizes=\"auto, (max-width: 1024px) 100vw, 1024px\" \/><\/figure>\n\n\n\n<figure class=\"wp-block-image size-large\"><img loading=\"lazy\" decoding=\"async\" width=\"1024\" height=\"768\" src=\"https:\/\/lopezdearenas.org\/inicio\/blog\/wp-content\/uploads\/2026\/03\/WhatsApp-Image-2026-03-05-at-15.55.40-1024x768.jpeg\" alt=\"\" class=\"wp-image-17719\" srcset=\"http:\/\/lopezdearenas.org\/inicio\/blog\/wp-content\/uploads\/2026\/03\/WhatsApp-Image-2026-03-05-at-15.55.40-1024x768.jpeg 1024w, http:\/\/lopezdearenas.org\/inicio\/blog\/wp-content\/uploads\/2026\/03\/WhatsApp-Image-2026-03-05-at-15.55.40-300x225.jpeg 300w, http:\/\/lopezdearenas.org\/inicio\/blog\/wp-content\/uploads\/2026\/03\/WhatsApp-Image-2026-03-05-at-15.55.40-768x576.jpeg 768w, http:\/\/lopezdearenas.org\/inicio\/blog\/wp-content\/uploads\/2026\/03\/WhatsApp-Image-2026-03-05-at-15.55.40-1536x1152.jpeg 1536w, http:\/\/lopezdearenas.org\/inicio\/blog\/wp-content\/uploads\/2026\/03\/WhatsApp-Image-2026-03-05-at-15.55.40-400x300.jpeg 400w, http:\/\/lopezdearenas.org\/inicio\/blog\/wp-content\/uploads\/2026\/03\/WhatsApp-Image-2026-03-05-at-15.55.40.jpeg 2048w\" sizes=\"auto, (max-width: 1024px) 100vw, 1024px\" \/><\/figure>\n\n\n\n<p>Este \u00e9xito sit\u00faa al IES L\u00f3pez de Arenas como un referente de la oratoria y el pensamiento cr\u00edtico en Andaluc\u00eda. Ambos trofeos son el resultado del trabajo incansable de nuestro alumnado y de los docentes que hay detr\u00e1s.<\/p>\n\n\n\n<p>Ya estamos preparando una cobertura especial para daros a conocer a los protagonistas de esta proeza y contaros todos los detalles de lo vivido en estas jornadas.<\/p>\n\n\n\n<p>\u00a1Enhorabuena a nuestros campeones y campeonas! Hab\u00e9is demostrado que la apuesta del IES L\u00f3pez de Arenas por la excelencia educativa es una realidad contrastable.<\/p>\n","protected":false},"excerpt":{"rendered":"<p>El IES L\u00f3pez de Arenas se ha proclamado vencedor del V Torneo de Debate Educativo en su fase provincial, logrando el primer puesto tanto en la Modalidad de Castellano como en la Modalidad de Ingl\u00e9s. En un torneo de una &hellip; <a href=\"http:\/\/lopezdearenas.org\/inicio\/blog\/doblete-historico-el-ies-lopez-de-arenas-campeon-provincial-de-debate-en-castellano-e-ingles\/\">Sigue leyendo <span class=\"meta-nav\">&rarr;<\/span><\/a><\/p>\n","protected":false},"author":82,"featured_media":0,"comment_status":"closed","ping_status":"open","sticky":false,"template":"","format":"standard","meta":{"_jetpack_memberships_contains_paid_content":false,"footnotes":"","jetpack_publicize_message":"","jetpack_publicize_feature_enabled":true,"jetpack_social_post_already_shared":true,"jetpack_social_options":{"image_generator_settings":{"template":"highway","default_image_id":0,"enabled":false},"version":2}},"categories":[5],"tags":[174,304,194,195],"class_list":["post-17714","post","type-post","status-publish","format-standard","hentry","category-novedades","tag-alumnado","tag-campeones","tag-debate-educativo","tag-torneo-de-debate"],"jetpack_publicize_connections":[],"jetpack_featured_media_url":"","jetpack_sharing_enabled":true,"_links":{"self":[{"href":"http:\/\/lopezdearenas.org\/inicio\/blog\/wp-json\/wp\/v2\/posts\/17714","targetHints":{"allow":["GET"]}}],"collection":[{"href":"http:\/\/lopezdearenas.org\/inicio\/blog\/wp-json\/wp\/v2\/posts"}],"about":[{"href":"http:\/\/lopezdearenas.org\/inicio\/blog\/wp-json\/wp\/v2\/types\/post"}],"author":[{"embeddable":true,"href":"http:\/\/lopezdearenas.org\/inicio\/blog\/wp-json\/wp\/v2\/users\/82"}],"replies":[{"embeddable":true,"href":"http:\/\/lopezdearenas.org\/inicio\/blog\/wp-json\/wp\/v2\/comments?post=17714"}],"version-history":[{"count":1,"href":"http:\/\/lopezdearenas.org\/inicio\/blog\/wp-json\/wp\/v2\/posts\/17714\/revisions"}],"predecessor-version":[{"id":17721,"href":"http:\/\/lopezdearenas.org\/inicio\/blog\/wp-json\/wp\/v2\/posts\/17714\/revisions\/17721"}],"wp:attachment":[{"href":"http:\/\/lopezdearenas.org\/inicio\/blog\/wp-json\/wp\/v2\/media?parent=17714"}],"wp:term":[{"taxonomy":"category","embeddable":true,"href":"http:\/\/lopezdearenas.org\/inicio\/blog\/wp-json\/wp\/v2\/categories?post=17714"},{"taxonomy":"post_tag","embeddable":true,"href":"http:\/\/lopezdearenas.org\/inicio\/blog\/wp-json\/wp\/v2\/tags?post=17714"}],"curies":[{"name":"wp","href":"https:\/\/api.w.org\/{rel}","templated":true}]}}