{"id":17667,"date":"2026-02-13T20:59:42","date_gmt":"2026-02-13T19:59:42","guid":{"rendered":"https:\/\/lopezdearenas.org\/inicio\/blog\/?p=17667"},"modified":"2026-02-13T21:00:29","modified_gmt":"2026-02-13T20:00:29","slug":"la-consejeria-de-desarrollo-educativo-y-fp-reconoce-la-excelencia-de-monica-salguero-peralta","status":"publish","type":"post","link":"http:\/\/lopezdearenas.org\/inicio\/blog\/la-consejeria-de-desarrollo-educativo-y-fp-reconoce-la-excelencia-de-monica-salguero-peralta\/","title":{"rendered":"LA CONSEJERIA DE DESARROLLO EDUCATIVO Y FP RECONOCE LA EXCELENCIA DE M\u00d3NICA SALGUERO PERALTA"},"content":{"rendered":"\n<figure class=\"wp-block-image size-large\"><img loading=\"lazy\" decoding=\"async\" width=\"1024\" height=\"576\" src=\"https:\/\/lopezdearenas.org\/inicio\/blog\/wp-content\/uploads\/2026\/02\/WhatsApp-Image-2026-02-13-at-12.12.38-1-1024x576.jpeg\" alt=\"\" class=\"wp-image-17669\" srcset=\"http:\/\/lopezdearenas.org\/inicio\/blog\/wp-content\/uploads\/2026\/02\/WhatsApp-Image-2026-02-13-at-12.12.38-1-1024x576.jpeg 1024w, http:\/\/lopezdearenas.org\/inicio\/blog\/wp-content\/uploads\/2026\/02\/WhatsApp-Image-2026-02-13-at-12.12.38-1-300x169.jpeg 300w, http:\/\/lopezdearenas.org\/inicio\/blog\/wp-content\/uploads\/2026\/02\/WhatsApp-Image-2026-02-13-at-12.12.38-1-768x432.jpeg 768w, http:\/\/lopezdearenas.org\/inicio\/blog\/wp-content\/uploads\/2026\/02\/WhatsApp-Image-2026-02-13-at-12.12.38-1-1536x864.jpeg 1536w, http:\/\/lopezdearenas.org\/inicio\/blog\/wp-content\/uploads\/2026\/02\/WhatsApp-Image-2026-02-13-at-12.12.38-1-500x281.jpeg 500w, http:\/\/lopezdearenas.org\/inicio\/blog\/wp-content\/uploads\/2026\/02\/WhatsApp-Image-2026-02-13-at-12.12.38-1.jpeg 2040w\" sizes=\"auto, (max-width: 1024px) 100vw, 1024px\" \/><\/figure>\n\n\n\n<p>Desde el IES L\u00f3pez de Arenas, queremos expresar nuestro m\u00e1s sincera enhorabuena y reconocimiento al hacer p\u00fablico el premio otorgado por la Consejer\u00eda de Desarrollo Educativo y Formaci\u00f3n Profesional de la Junta de Andaluc\u00eda a nuestra alumna M\u00f3nica Salguero Peralta.<\/p>\n\n\n\n<p>M\u00f3nica, que actualmente cursa 1\u00ba de Bachillerato, ha sido distinguida por su trayectoria excepcional en su etapa de la ESO, un diploma oficial que premia no solo su brillante expediente acad\u00e9mico, sino tambi\u00e9n su actitud y valores dentro de la comunidad educativa. Lo que hace que el perfil de M\u00f3nica sea verdaderamente inspirador es su capacidad para romper moldes. Aunque est\u00e1 matriculada en el Bachillerato Cient\u00edfico-Tecnol\u00f3gico, su curiosidad y compromiso no conocen fronteras entre las disciplinas, a lo que a\u00f1ade su voluntad de aprender siempre algo nuevo. M\u00f3nica es el vivo ejemplo de la formaci\u00f3n integral que promovemos en nuestro centro, destacando por su implicaci\u00f3n en \u00e1mbitos muy diversos:<\/p>\n\n\n\n<ul class=\"wp-block-list\">\n<li>Forma parte activa del Equipo Oficial de Debate Educativo del IES, donde ha demostrado una capacidad cr\u00edtica y de argumentaci\u00f3n brillante.<\/li>\n\n\n\n<li>Es \u00abPersona-Libro\u00bb, una de las figuras m\u00e1s reconocidas desde 1\u00ba de la ESO. <\/li>\n\n\n\n<li>Colabora estrechamente con el proyecto \u00abLa Voz a ti Debida\u00bb desde sus inicios.<\/li>\n\n\n\n<li>Todo ello sin descuidar su formaci\u00f3n t\u00e9cnica, participando en todas las iniciativas del \u00e1mbito cient\u00edfico que se desarrollan en el instituto.<\/li>\n<\/ul>\n\n\n\n<figure class=\"wp-block-image size-full\"><img loading=\"lazy\" decoding=\"async\" width=\"865\" height=\"849\" src=\"https:\/\/lopezdearenas.org\/inicio\/blog\/wp-content\/uploads\/2026\/02\/cartaaaa.png\" alt=\"\" class=\"wp-image-17668\" srcset=\"http:\/\/lopezdearenas.org\/inicio\/blog\/wp-content\/uploads\/2026\/02\/cartaaaa.png 865w, http:\/\/lopezdearenas.org\/inicio\/blog\/wp-content\/uploads\/2026\/02\/cartaaaa-300x294.png 300w, http:\/\/lopezdearenas.org\/inicio\/blog\/wp-content\/uploads\/2026\/02\/cartaaaa-768x754.png 768w, http:\/\/lopezdearenas.org\/inicio\/blog\/wp-content\/uploads\/2026\/02\/cartaaaa-306x300.png 306w\" sizes=\"auto, (max-width: 865px) 100vw, 865px\" \/><\/figure>\n\n\n\n<p>Desde la direcci\u00f3n y el claustro de profesores, queremos dar la enhorabuena a M\u00f3nica y a su familia. Su trayectoria nos recuerda que la ciencia y las humanidades no son compartimentos estancos, sino herramientas complementarias para entender y mejorar el mundo.<\/p>\n\n\n\n<p>\u00a1Felicidades, M\u00f3nica, sigue as\u00ed! Tu \u00e9xito es una alegr\u00eda compartida por todo el IES L\u00f3pez de Arenas.<\/p>\n\n\n\n<p><\/p>\n","protected":false},"excerpt":{"rendered":"<p>Desde el IES L\u00f3pez de Arenas, queremos expresar nuestro m\u00e1s sincera enhorabuena y reconocimiento al hacer p\u00fablico el premio otorgado por la Consejer\u00eda de Desarrollo Educativo y Formaci\u00f3n Profesional de la Junta de Andaluc\u00eda a nuestra alumna M\u00f3nica Salguero Peralta. &hellip; <a href=\"http:\/\/lopezdearenas.org\/inicio\/blog\/la-consejeria-de-desarrollo-educativo-y-fp-reconoce-la-excelencia-de-monica-salguero-peralta\/\">Sigue leyendo <span class=\"meta-nav\">&rarr;<\/span><\/a><\/p>\n","protected":false},"author":82,"featured_media":0,"comment_status":"closed","ping_status":"open","sticky":false,"template":"","format":"standard","meta":{"_jetpack_memberships_contains_paid_content":false,"footnotes":"","jetpack_publicize_message":"","jetpack_publicize_feature_enabled":true,"jetpack_social_post_already_shared":true,"jetpack_social_options":{"image_generator_settings":{"template":"highway","default_image_id":0,"enabled":false},"version":2}},"categories":[5],"tags":[174,301,83,300,302,299,253],"class_list":["post-17667","post","type-post","status-publish","format-standard","hentry","category-novedades","tag-alumnado","tag-comunidad-educativa","tag-eso","tag-expediente","tag-monica-salguero","tag-premio-extraordinario","tag-premios"],"jetpack_publicize_connections":[],"jetpack_featured_media_url":"","jetpack_sharing_enabled":true,"_links":{"self":[{"href":"http:\/\/lopezdearenas.org\/inicio\/blog\/wp-json\/wp\/v2\/posts\/17667","targetHints":{"allow":["GET"]}}],"collection":[{"href":"http:\/\/lopezdearenas.org\/inicio\/blog\/wp-json\/wp\/v2\/posts"}],"about":[{"href":"http:\/\/lopezdearenas.org\/inicio\/blog\/wp-json\/wp\/v2\/types\/post"}],"author":[{"embeddable":true,"href":"http:\/\/lopezdearenas.org\/inicio\/blog\/wp-json\/wp\/v2\/users\/82"}],"replies":[{"embeddable":true,"href":"http:\/\/lopezdearenas.org\/inicio\/blog\/wp-json\/wp\/v2\/comments?post=17667"}],"version-history":[{"count":1,"href":"http:\/\/lopezdearenas.org\/inicio\/blog\/wp-json\/wp\/v2\/posts\/17667\/revisions"}],"predecessor-version":[{"id":17674,"href":"http:\/\/lopezdearenas.org\/inicio\/blog\/wp-json\/wp\/v2\/posts\/17667\/revisions\/17674"}],"wp:attachment":[{"href":"http:\/\/lopezdearenas.org\/inicio\/blog\/wp-json\/wp\/v2\/media?parent=17667"}],"wp:term":[{"taxonomy":"category","embeddable":true,"href":"http:\/\/lopezdearenas.org\/inicio\/blog\/wp-json\/wp\/v2\/categories?post=17667"},{"taxonomy":"post_tag","embeddable":true,"href":"http:\/\/lopezdearenas.org\/inicio\/blog\/wp-json\/wp\/v2\/tags?post=17667"}],"curies":[{"name":"wp","href":"https:\/\/api.w.org\/{rel}","templated":true}]}}