{"id":17617,"date":"2026-01-12T20:10:06","date_gmt":"2026-01-12T19:10:06","guid":{"rendered":"https:\/\/lopezdearenas.org\/inicio\/blog\/?p=17617"},"modified":"2026-01-12T20:11:05","modified_gmt":"2026-01-12T19:11:05","slug":"lista-provisional-becas-erasmus-italia-para-1o-de-bachillerato","status":"publish","type":"post","link":"http:\/\/lopezdearenas.org\/inicio\/blog\/lista-provisional-becas-erasmus-italia-para-1o-de-bachillerato\/","title":{"rendered":"LISTA PROVISIONAL BECAS ERASMUS+ ITALIA PARA 1\u00ba DE BACHILLERATO"},"content":{"rendered":"\n<p>Reunida la comisi\u00f3n de los programas de Internacionalizaci\u00f3n del Equipo Erasmus+ del IES L\u00f3pez de Arenas y analizadas las solicitudes presentadas en el periodo establecido&nbsp; en las bases para la obtenci\u00f3n de las becas Erasmus+ para <strong>ITALIA <\/strong>del proyecto <strong>2024-1-ES01-KA121-SCH-000222081<\/strong>, la selecci\u00f3n provisional del alumnado es la siguiente:&nbsp;<\/p>\n\n\n\n<p>SELECCI\u00d3N PROVISIONAL (<strong>1\u00ba BTO<\/strong>). En negrita el alumnado seleccionado por cada especialidad seg\u00fan las bases de esta movilidad. <\/p>\n\n\n\n<figure class=\"wp-block-table\"><table class=\"has-fixed-layout\"><tbody><tr><td><strong>APELLIDOS Y NOMBRE<\/strong><\/td><td><strong>Criterio&nbsp;<\/strong><strong>1&nbsp;<\/strong><\/td><td><strong>Criterio&nbsp;<\/strong><strong>2&nbsp;<\/strong><\/td><td><strong>Criterio<\/strong><strong>3<\/strong><\/td><td><strong>Criterio<\/strong><strong>4<\/strong><\/td><td><strong>Criterio<\/strong><strong>5<\/strong><\/td><td><strong>TOTAL PUNTOS<\/strong><\/td><td><\/td><td><strong>OBSERVACIONES<\/strong><\/td><\/tr><tr><td><strong>JMS<\/strong><\/td><td><strong>24<\/strong><\/td><td><strong>13<\/strong><\/td><td><strong>18<\/strong><\/td><td><strong>22,5<\/strong><\/td><td><strong>0<\/strong><\/td><td><strong>77,5<\/strong><\/td><td><strong>1\u00baBCT<\/strong><\/td><td><\/td><\/tr><tr><td><strong>JRC<\/strong><\/td><td><strong>26<\/strong><\/td><td><strong>11<\/strong><\/td><td><strong>18<\/strong><\/td><td><strong>22<\/strong><\/td><td><strong>0<\/strong><\/td><td><strong>77<\/strong><\/td><td><strong>1\u00baBCT<\/strong><\/td><td><\/td><\/tr><tr><td><strong>PML<\/strong><\/td><td><strong>27<\/strong><\/td><td><strong>11<\/strong><\/td><td><strong>16<\/strong><\/td><td><strong>22,5<\/strong><\/td><td><strong>0<\/strong><\/td><td><strong>76,5<\/strong><\/td><td><strong>1\u00baBCT<\/strong><\/td><td><\/td><\/tr><tr><td>MRC<\/td><td>24<\/td><td>13<\/td><td>14<\/td><td>21,75<\/td><td>0<\/td><td>72,75<\/td><td>1\u00baBCT<\/td><td>En reserva<\/td><\/tr><tr><td>JNP*<\/td><td>23<\/td><td>6<\/td><td>18<\/td><td>20<\/td><td>0<\/td><td>67<\/td><td>1\u00baBCT<\/td><td>Problemas v\u00eddeoEn reserva<\/td><\/tr><tr><td>JMSR*<\/td><td>23<\/td><td>2,27<\/td><td>16<\/td><td>20,25<\/td><td>0<\/td><td>67,52<\/td><td>1\u00baBCT<\/td><td>Problemas v\u00eddeoEn reserva<\/td><\/tr><tr><td>RSS<\/td><td>24<\/td><td>11<\/td><td>10<\/td><td>19,75<\/td><td>0<\/td><td>64,75<\/td><td>1\u00baBCT<\/td><td>En reserva<\/td><\/tr><tr><td>ALB*<\/td><td>22<\/td><td>9<\/td><td>10<\/td><td>17,5<\/td><td>0<\/td><td>58,5<\/td><td>1\u00baBCT<\/td><td>Falta v\u00eddeo y formularioEn reserva<\/td><\/tr><tr><td><strong>AGC*<\/strong><\/td><td><strong>27<\/strong><\/td><td><strong>9<\/strong><\/td><td><strong>12<\/strong><\/td><td><strong>19,75<\/strong><\/td><td><strong>0<\/strong><\/td><td><strong>67,75<\/strong><\/td><td><strong>1\u00baBHUM<\/strong><\/td><td>Falta autorizaci\u00f3n<\/td><\/tr><tr><td><strong>AMG*<\/strong><\/td><td><strong>24<\/strong><\/td><td><strong>11<\/strong><\/td><td><strong>10<\/strong><\/td><td><strong>18,75<\/strong><\/td><td><strong>0<\/strong><\/td><td><strong>63,75<\/strong><\/td><td><strong>1\u00baBHUM<\/strong><\/td><td>Falta formulario&nbsp;<\/td><\/tr><tr><td>JRR<\/td><td>23<\/td><td>11<\/td><td>10<\/td><td>15<\/td><td>0<\/td><td>59<\/td><td>1\u00baBHUM<\/td><td>En reserva<\/td><\/tr><tr><td><strong>BMR<\/strong><\/td><td><strong>27<\/strong><\/td><td><strong>11<\/strong><\/td><td><strong>18<\/strong><\/td><td><strong>22,5<\/strong><\/td><td><strong>0<\/strong><\/td><td><strong>78,5<\/strong><\/td><td><strong>1\u00baBSAL<\/strong><\/td><td><\/td><\/tr><tr><td><strong>ASB<\/strong><\/td><td><strong>24<\/strong><\/td><td><strong>11<\/strong><\/td><td><strong>16<\/strong><\/td><td><strong>20<\/strong><\/td><td><strong>0<\/strong><\/td><td><strong>71<\/strong><\/td><td><strong>1\u00baBSAL<\/strong><\/td><td><\/td><\/tr><tr><td><strong>JRC<\/strong><\/td><td><strong>23<\/strong><\/td><td><strong>8<\/strong><\/td><td><strong>16<\/strong><\/td><td><strong>21,5<\/strong><\/td><td><strong>0<\/strong><\/td><td><strong>68,5<\/strong><\/td><td><strong>1\u00baBSAL<\/strong><\/td><td><\/td><\/tr><tr><td><strong>IRG*<\/strong><\/td><td><strong>30<\/strong><\/td><td><strong>11<\/strong><\/td><td><strong>14<\/strong><\/td><td><strong>19,5<\/strong><\/td><td><strong>0<\/strong><\/td><td><strong>74,5<\/strong><\/td><td><strong>1\u00baBSOC<\/strong><\/td><td>Problemas v\u00eddeo<\/td><\/tr><tr><td><strong>ANC<\/strong><\/td><td><strong>27<\/strong><\/td><td><strong>6<\/strong><\/td><td><strong>16<\/strong><\/td><td><strong>21,5<\/strong><\/td><td><strong>0<\/strong><\/td><td><strong>70,5<\/strong><\/td><td><strong>1\u00baBSOC<\/strong><\/td><td><\/td><\/tr><tr><td>ELA<\/td><td>27<\/td><td>11<\/td><td>12<\/td><td>19,75<\/td><td>0<\/td><td>69,75<\/td><td>1\u00baBSOC<\/td><td>En reserva<\/td><\/tr><tr><td>JMM<\/td><td>23<\/td><td>3<\/td><td>14<\/td><td>20,25<\/td><td>0<\/td><td>60,25<\/td><td>1\u00baBSOC<\/td><td>En reserva<\/td><\/tr><tr><td>PCR*<\/td><td>23<\/td><td>6<\/td><td>10<\/td><td>16,5<\/td><td>0<\/td><td>55,5<\/td><td>1\u00baBSOC<\/td><td>Falta v\u00eddeo y formularioEn reserva<\/td><\/tr><\/tbody><\/table><\/figure>\n\n\n\n<p>*Los alumnos\/as deber\u00e1n subsanar la informaci\u00f3n que falta &#8211; indicada en las observaciones &#8211; hasta el jueves 15 de enero.<\/p>\n\n\n\n<p>En Marchena, 12 de enero de 2026.<\/p>\n\n\n\n<p>Equipo Erasmus+.<\/p>\n","protected":false},"excerpt":{"rendered":"<p>Reunida la comisi\u00f3n de los programas de Internacionalizaci\u00f3n del Equipo Erasmus+ del IES L\u00f3pez de Arenas y analizadas las solicitudes presentadas en el periodo establecido&nbsp; en las bases para la obtenci\u00f3n de las becas Erasmus+ para ITALIA del proyecto 2024-1-ES01-KA121-SCH-000222081, &hellip; <a href=\"http:\/\/lopezdearenas.org\/inicio\/blog\/lista-provisional-becas-erasmus-italia-para-1o-de-bachillerato\/\">Sigue leyendo <span class=\"meta-nav\">&rarr;<\/span><\/a><\/p>\n","protected":false},"author":82,"featured_media":0,"comment_status":"closed","ping_status":"open","sticky":false,"template":"","format":"standard","meta":{"_jetpack_memberships_contains_paid_content":false,"footnotes":"","jetpack_publicize_message":"","jetpack_publicize_feature_enabled":true,"jetpack_social_post_already_shared":true,"jetpack_social_options":{"image_generator_settings":{"template":"highway","default_image_id":0,"enabled":false},"version":2}},"categories":[5],"tags":[174,69,110,123,152,29,288,273,289],"class_list":["post-17617","post","type-post","status-publish","format-standard","hentry","category-novedades","tag-alumnado","tag-bachillerato","tag-becas","tag-erasmus","tag-erasmus-2","tag-intercambio","tag-intercambio-italia","tag-italia","tag-lista-provisional"],"jetpack_publicize_connections":[],"jetpack_featured_media_url":"","jetpack_sharing_enabled":true,"_links":{"self":[{"href":"http:\/\/lopezdearenas.org\/inicio\/blog\/wp-json\/wp\/v2\/posts\/17617","targetHints":{"allow":["GET"]}}],"collection":[{"href":"http:\/\/lopezdearenas.org\/inicio\/blog\/wp-json\/wp\/v2\/posts"}],"about":[{"href":"http:\/\/lopezdearenas.org\/inicio\/blog\/wp-json\/wp\/v2\/types\/post"}],"author":[{"embeddable":true,"href":"http:\/\/lopezdearenas.org\/inicio\/blog\/wp-json\/wp\/v2\/users\/82"}],"replies":[{"embeddable":true,"href":"http:\/\/lopezdearenas.org\/inicio\/blog\/wp-json\/wp\/v2\/comments?post=17617"}],"version-history":[{"count":1,"href":"http:\/\/lopezdearenas.org\/inicio\/blog\/wp-json\/wp\/v2\/posts\/17617\/revisions"}],"predecessor-version":[{"id":17618,"href":"http:\/\/lopezdearenas.org\/inicio\/blog\/wp-json\/wp\/v2\/posts\/17617\/revisions\/17618"}],"wp:attachment":[{"href":"http:\/\/lopezdearenas.org\/inicio\/blog\/wp-json\/wp\/v2\/media?parent=17617"}],"wp:term":[{"taxonomy":"category","embeddable":true,"href":"http:\/\/lopezdearenas.org\/inicio\/blog\/wp-json\/wp\/v2\/categories?post=17617"},{"taxonomy":"post_tag","embeddable":true,"href":"http:\/\/lopezdearenas.org\/inicio\/blog\/wp-json\/wp\/v2\/tags?post=17617"}],"curies":[{"name":"wp","href":"https:\/\/api.w.org\/{rel}","templated":true}]}}