{"id":17603,"date":"2026-01-08T20:08:17","date_gmt":"2026-01-08T19:08:17","guid":{"rendered":"https:\/\/lopezdearenas.org\/inicio\/blog\/?p=17603"},"modified":"2026-01-08T20:10:12","modified_gmt":"2026-01-08T19:10:12","slug":"ya-hemos-empezado-en-el-centro-primera-actividad-sobre-educacion-emocional","status":"publish","type":"post","link":"http:\/\/lopezdearenas.org\/inicio\/blog\/ya-hemos-empezado-en-el-centro-primera-actividad-sobre-educacion-emocional\/","title":{"rendered":"YA HEMOS EMPEZADO EN EL CENTRO: PRIMERA ACTIVIDAD SOBRE EDUCACI\u00d3N EMOCIONAL"},"content":{"rendered":"\n<p>Hoy 8 de enero, el alumnado de 4\u00ba de ESO y Formaci\u00f3n Profesional B\u00e1sica, ha participado en una actividad centrada en la gesti\u00f3n de las emociones, organizada por el programa de H\u00e1bitos de Vida Saludable del IES L\u00f3pez de Arenas.<\/p>\n\n\n\n<figure class=\"wp-block-image size-large\"><img loading=\"lazy\" decoding=\"async\" width=\"461\" height=\"1024\" src=\"https:\/\/lopezdearenas.org\/inicio\/blog\/wp-content\/uploads\/2026\/01\/WhatsApp-Image-2026-01-08-at-19.44.09-461x1024.jpeg\" alt=\"\" class=\"wp-image-17604\" srcset=\"http:\/\/lopezdearenas.org\/inicio\/blog\/wp-content\/uploads\/2026\/01\/WhatsApp-Image-2026-01-08-at-19.44.09-461x1024.jpeg 461w, http:\/\/lopezdearenas.org\/inicio\/blog\/wp-content\/uploads\/2026\/01\/WhatsApp-Image-2026-01-08-at-19.44.09-135x300.jpeg 135w, http:\/\/lopezdearenas.org\/inicio\/blog\/wp-content\/uploads\/2026\/01\/WhatsApp-Image-2026-01-08-at-19.44.09-768x1707.jpeg 768w, http:\/\/lopezdearenas.org\/inicio\/blog\/wp-content\/uploads\/2026\/01\/WhatsApp-Image-2026-01-08-at-19.44.09-691x1536.jpeg 691w, http:\/\/lopezdearenas.org\/inicio\/blog\/wp-content\/uploads\/2026\/01\/WhatsApp-Image-2026-01-08-at-19.44.09.jpeg 918w\" sizes=\"auto, (max-width: 461px) 100vw, 461px\" \/><\/figure>\n\n\n\n<p><br>La iniciativa ha tenido como objetivo principal dotar al alumnado de herramientas para reconocer, comprender y regular sus emociones, favoreciendo as\u00ed el bienestar personal, la convivencia en el entorno educativo y el desarrollo de habilidades sociales fundamentales para su vida diaria.<\/p>\n\n\n\n<figure class=\"wp-block-image size-large\"><img loading=\"lazy\" decoding=\"async\" width=\"461\" height=\"1024\" src=\"https:\/\/lopezdearenas.org\/inicio\/blog\/wp-content\/uploads\/2026\/01\/WhatsApp-Image-2026-01-08-at-19.44.08-461x1024.jpeg\" alt=\"\" class=\"wp-image-17605\" srcset=\"http:\/\/lopezdearenas.org\/inicio\/blog\/wp-content\/uploads\/2026\/01\/WhatsApp-Image-2026-01-08-at-19.44.08-461x1024.jpeg 461w, http:\/\/lopezdearenas.org\/inicio\/blog\/wp-content\/uploads\/2026\/01\/WhatsApp-Image-2026-01-08-at-19.44.08-135x300.jpeg 135w, http:\/\/lopezdearenas.org\/inicio\/blog\/wp-content\/uploads\/2026\/01\/WhatsApp-Image-2026-01-08-at-19.44.08-768x1707.jpeg 768w, http:\/\/lopezdearenas.org\/inicio\/blog\/wp-content\/uploads\/2026\/01\/WhatsApp-Image-2026-01-08-at-19.44.08-691x1536.jpeg 691w, http:\/\/lopezdearenas.org\/inicio\/blog\/wp-content\/uploads\/2026\/01\/WhatsApp-Image-2026-01-08-at-19.44.08.jpeg 918w\" sizes=\"auto, (max-width: 461px) 100vw, 461px\" \/><\/figure>\n\n\n\n<p><br>Durante el taller, el alumnado ha trabajado de manera activa y participativa aspectos como la identificaci\u00f3n emocional, la empat\u00eda, la resoluci\u00f3n pac\u00edfica de conflictos y la importancia de una adecuada gesti\u00f3n emocional ante situaciones de estr\u00e9s o dificultad.<br>Este tipo de actividades se enmarcan dentro del compromiso del IES L\u00f3pez de Arenas con la educaci\u00f3n integral del alumnado, promoviendo no solo el aprendizaje acad\u00e9mico, sino tambi\u00e9n el desarrollo personal y emocional como base para una vida saludable y equilibrada.<\/p>\n\n\n\n<figure class=\"wp-block-image size-large\"><img loading=\"lazy\" decoding=\"async\" width=\"461\" height=\"1024\" src=\"https:\/\/lopezdearenas.org\/inicio\/blog\/wp-content\/uploads\/2026\/01\/WhatsApp-Image-2026-01-08-at-19.44.08-2-461x1024.jpeg\" alt=\"\" class=\"wp-image-17607\" srcset=\"http:\/\/lopezdearenas.org\/inicio\/blog\/wp-content\/uploads\/2026\/01\/WhatsApp-Image-2026-01-08-at-19.44.08-2-461x1024.jpeg 461w, http:\/\/lopezdearenas.org\/inicio\/blog\/wp-content\/uploads\/2026\/01\/WhatsApp-Image-2026-01-08-at-19.44.08-2-135x300.jpeg 135w, http:\/\/lopezdearenas.org\/inicio\/blog\/wp-content\/uploads\/2026\/01\/WhatsApp-Image-2026-01-08-at-19.44.08-2-768x1707.jpeg 768w, http:\/\/lopezdearenas.org\/inicio\/blog\/wp-content\/uploads\/2026\/01\/WhatsApp-Image-2026-01-08-at-19.44.08-2-691x1536.jpeg 691w, http:\/\/lopezdearenas.org\/inicio\/blog\/wp-content\/uploads\/2026\/01\/WhatsApp-Image-2026-01-08-at-19.44.08-2.jpeg 918w\" sizes=\"auto, (max-width: 461px) 100vw, 461px\" \/><\/figure>\n\n\n\n<p><br>Desde el centro se valora muy positivamente la acogida y participaci\u00f3n del alumnado, reafirmando la importancia de seguir impulsando acciones educativas que contribuyan al bienestar emocional y social de la comunidad educativa.<\/p>\n\n\n\n<figure class=\"wp-block-image size-large\"><img loading=\"lazy\" decoding=\"async\" width=\"461\" height=\"1024\" src=\"https:\/\/lopezdearenas.org\/inicio\/blog\/wp-content\/uploads\/2026\/01\/WhatsApp-Image-2026-01-08-at-19.44.09-1-1-461x1024.jpeg\" alt=\"\" class=\"wp-image-17608\" srcset=\"http:\/\/lopezdearenas.org\/inicio\/blog\/wp-content\/uploads\/2026\/01\/WhatsApp-Image-2026-01-08-at-19.44.09-1-1-461x1024.jpeg 461w, http:\/\/lopezdearenas.org\/inicio\/blog\/wp-content\/uploads\/2026\/01\/WhatsApp-Image-2026-01-08-at-19.44.09-1-1-135x300.jpeg 135w, http:\/\/lopezdearenas.org\/inicio\/blog\/wp-content\/uploads\/2026\/01\/WhatsApp-Image-2026-01-08-at-19.44.09-1-1-768x1707.jpeg 768w, http:\/\/lopezdearenas.org\/inicio\/blog\/wp-content\/uploads\/2026\/01\/WhatsApp-Image-2026-01-08-at-19.44.09-1-1-691x1536.jpeg 691w, http:\/\/lopezdearenas.org\/inicio\/blog\/wp-content\/uploads\/2026\/01\/WhatsApp-Image-2026-01-08-at-19.44.09-1-1.jpeg 918w\" sizes=\"auto, (max-width: 461px) 100vw, 461px\" \/><\/figure>\n","protected":false},"excerpt":{"rendered":"<p>Hoy 8 de enero, el alumnado de 4\u00ba de ESO y Formaci\u00f3n Profesional B\u00e1sica, ha participado en una actividad centrada en la gesti\u00f3n de las emociones, organizada por el programa de H\u00e1bitos de Vida Saludable del IES L\u00f3pez de Arenas. &hellip; <a href=\"http:\/\/lopezdearenas.org\/inicio\/blog\/ya-hemos-empezado-en-el-centro-primera-actividad-sobre-educacion-emocional\/\">Sigue leyendo <span class=\"meta-nav\">&rarr;<\/span><\/a><\/p>\n","protected":false},"author":82,"featured_media":0,"comment_status":"closed","ping_status":"open","sticky":false,"template":"","format":"standard","meta":{"_jetpack_memberships_contains_paid_content":false,"footnotes":"","jetpack_publicize_message":"","jetpack_publicize_feature_enabled":true,"jetpack_social_post_already_shared":true,"jetpack_social_options":{"image_generator_settings":{"template":"highway","default_image_id":0,"enabled":false},"version":2}},"categories":[5],"tags":[174,287,83,186,205],"class_list":["post-17603","post","type-post","status-publish","format-standard","hentry","category-novedades","tag-alumnado","tag-educacion-emocional","tag-eso","tag-fp","tag-habitos-saludables"],"jetpack_publicize_connections":[],"jetpack_featured_media_url":"","jetpack_sharing_enabled":true,"_links":{"self":[{"href":"http:\/\/lopezdearenas.org\/inicio\/blog\/wp-json\/wp\/v2\/posts\/17603","targetHints":{"allow":["GET"]}}],"collection":[{"href":"http:\/\/lopezdearenas.org\/inicio\/blog\/wp-json\/wp\/v2\/posts"}],"about":[{"href":"http:\/\/lopezdearenas.org\/inicio\/blog\/wp-json\/wp\/v2\/types\/post"}],"author":[{"embeddable":true,"href":"http:\/\/lopezdearenas.org\/inicio\/blog\/wp-json\/wp\/v2\/users\/82"}],"replies":[{"embeddable":true,"href":"http:\/\/lopezdearenas.org\/inicio\/blog\/wp-json\/wp\/v2\/comments?post=17603"}],"version-history":[{"count":1,"href":"http:\/\/lopezdearenas.org\/inicio\/blog\/wp-json\/wp\/v2\/posts\/17603\/revisions"}],"predecessor-version":[{"id":17609,"href":"http:\/\/lopezdearenas.org\/inicio\/blog\/wp-json\/wp\/v2\/posts\/17603\/revisions\/17609"}],"wp:attachment":[{"href":"http:\/\/lopezdearenas.org\/inicio\/blog\/wp-json\/wp\/v2\/media?parent=17603"}],"wp:term":[{"taxonomy":"category","embeddable":true,"href":"http:\/\/lopezdearenas.org\/inicio\/blog\/wp-json\/wp\/v2\/categories?post=17603"},{"taxonomy":"post_tag","embeddable":true,"href":"http:\/\/lopezdearenas.org\/inicio\/blog\/wp-json\/wp\/v2\/tags?post=17603"}],"curies":[{"name":"wp","href":"https:\/\/api.w.org\/{rel}","templated":true}]}}