{"id":17555,"date":"2025-12-17T07:38:50","date_gmt":"2025-12-17T06:38:50","guid":{"rendered":"https:\/\/lopezdearenas.org\/inicio\/blog\/?p=17555"},"modified":"2025-12-17T07:39:23","modified_gmt":"2025-12-17T06:39:23","slug":"mercadillo-solidario-de-hama-beads","status":"publish","type":"post","link":"http:\/\/lopezdearenas.org\/inicio\/blog\/mercadillo-solidario-de-hama-beads\/","title":{"rendered":"Mercadillo solidario de Hama Beads"},"content":{"rendered":"\n<p>El Aula Espec\u00edfica del IES L\u00f3pez de Arenas ha organizado un precioso mercadillo solidario protagonizado por figuras de Hama Beads.<\/p>\n\n\n\n<figure class=\"wp-block-image size-large\"><img loading=\"lazy\" decoding=\"async\" width=\"768\" height=\"1024\" src=\"https:\/\/lopezdearenas.org\/inicio\/blog\/wp-content\/uploads\/2025\/12\/WhatsApp-Image-2025-12-17-at-07.22.25-768x1024.jpeg\" alt=\"\" class=\"wp-image-17558\" srcset=\"http:\/\/lopezdearenas.org\/inicio\/blog\/wp-content\/uploads\/2025\/12\/WhatsApp-Image-2025-12-17-at-07.22.25-768x1024.jpeg 768w, http:\/\/lopezdearenas.org\/inicio\/blog\/wp-content\/uploads\/2025\/12\/WhatsApp-Image-2025-12-17-at-07.22.25-225x300.jpeg 225w, http:\/\/lopezdearenas.org\/inicio\/blog\/wp-content\/uploads\/2025\/12\/WhatsApp-Image-2025-12-17-at-07.22.25-1152x1536.jpeg 1152w, http:\/\/lopezdearenas.org\/inicio\/blog\/wp-content\/uploads\/2025\/12\/WhatsApp-Image-2025-12-17-at-07.22.25-1536x2048.jpeg 1536w, http:\/\/lopezdearenas.org\/inicio\/blog\/wp-content\/uploads\/2025\/12\/WhatsApp-Image-2025-12-17-at-07.22.25-scaled.jpeg 1920w\" sizes=\"auto, (max-width: 768px) 100vw, 768px\" \/><\/figure>\n\n\n\n<figure class=\"wp-block-image size-large\"><img loading=\"lazy\" decoding=\"async\" width=\"771\" height=\"1024\" src=\"https:\/\/lopezdearenas.org\/inicio\/blog\/wp-content\/uploads\/2025\/12\/WhatsApp-Image-2025-12-17-at-07.22.25-1-1-771x1024.jpeg\" alt=\"\" class=\"wp-image-17560\" srcset=\"http:\/\/lopezdearenas.org\/inicio\/blog\/wp-content\/uploads\/2025\/12\/WhatsApp-Image-2025-12-17-at-07.22.25-1-1-771x1024.jpeg 771w, http:\/\/lopezdearenas.org\/inicio\/blog\/wp-content\/uploads\/2025\/12\/WhatsApp-Image-2025-12-17-at-07.22.25-1-1-226x300.jpeg 226w, http:\/\/lopezdearenas.org\/inicio\/blog\/wp-content\/uploads\/2025\/12\/WhatsApp-Image-2025-12-17-at-07.22.25-1-1-768x1020.jpeg 768w, http:\/\/lopezdearenas.org\/inicio\/blog\/wp-content\/uploads\/2025\/12\/WhatsApp-Image-2025-12-17-at-07.22.25-1-1-1156x1536.jpeg 1156w, http:\/\/lopezdearenas.org\/inicio\/blog\/wp-content\/uploads\/2025\/12\/WhatsApp-Image-2025-12-17-at-07.22.25-1-1.jpeg 1284w\" sizes=\"auto, (max-width: 771px) 100vw, 771px\" \/><\/figure>\n\n\n\n<p>Este proyecto es el resultado de semanas de mucho esfuerzo, ilusi\u00f3n y una creatividad desbordante por parte de nuestro alumnado. Cada figura representa una historia de superaci\u00f3n y trabajo en equipo.<\/p>\n\n\n\n<figure class=\"wp-block-image size-large\"><img loading=\"lazy\" decoding=\"async\" width=\"768\" height=\"1024\" src=\"https:\/\/lopezdearenas.org\/inicio\/blog\/wp-content\/uploads\/2025\/12\/WhatsApp-Image-2025-12-17-at-07.22.25-3-768x1024.jpeg\" alt=\"\" class=\"wp-image-17557\" srcset=\"http:\/\/lopezdearenas.org\/inicio\/blog\/wp-content\/uploads\/2025\/12\/WhatsApp-Image-2025-12-17-at-07.22.25-3-768x1024.jpeg 768w, http:\/\/lopezdearenas.org\/inicio\/blog\/wp-content\/uploads\/2025\/12\/WhatsApp-Image-2025-12-17-at-07.22.25-3-225x300.jpeg 225w, http:\/\/lopezdearenas.org\/inicio\/blog\/wp-content\/uploads\/2025\/12\/WhatsApp-Image-2025-12-17-at-07.22.25-3-1152x1536.jpeg 1152w, http:\/\/lopezdearenas.org\/inicio\/blog\/wp-content\/uploads\/2025\/12\/WhatsApp-Image-2025-12-17-at-07.22.25-3-1536x2048.jpeg 1536w, http:\/\/lopezdearenas.org\/inicio\/blog\/wp-content\/uploads\/2025\/12\/WhatsApp-Image-2025-12-17-at-07.22.25-3-scaled.jpeg 1920w\" sizes=\"auto, (max-width: 768px) 100vw, 768px\" \/><\/figure>\n\n\n\n<p>Estamos emocionados por la respuesta recibida. La jornada ha sido un \u00e9xito total, y por ello queremos dar las gracias de coraz\u00f3n a toda la comunidad educativa:<\/p>\n\n\n\n<ul class=\"wp-block-list\">\n<li>Al alumnado, por su entusiasmo y por valorar el trabajo de sus compa\u00f1eros.<\/li>\n\n\n\n<li>Al profesorado, por incentivar la participaci\u00f3n y el apoyo constante.<\/li>\n\n\n\n<li>Al personal del centro, por su colaboraci\u00f3n log\u00edstica y su cercan\u00eda.<\/li>\n<\/ul>\n\n\n\n<figure class=\"wp-block-image size-large\"><img loading=\"lazy\" decoding=\"async\" width=\"768\" height=\"1024\" src=\"https:\/\/lopezdearenas.org\/inicio\/blog\/wp-content\/uploads\/2025\/12\/WhatsApp-Image-2025-12-17-at-07.22.25-2-1-768x1024.jpeg\" alt=\"\" class=\"wp-image-17561\" srcset=\"http:\/\/lopezdearenas.org\/inicio\/blog\/wp-content\/uploads\/2025\/12\/WhatsApp-Image-2025-12-17-at-07.22.25-2-1-768x1024.jpeg 768w, http:\/\/lopezdearenas.org\/inicio\/blog\/wp-content\/uploads\/2025\/12\/WhatsApp-Image-2025-12-17-at-07.22.25-2-1-225x300.jpeg 225w, http:\/\/lopezdearenas.org\/inicio\/blog\/wp-content\/uploads\/2025\/12\/WhatsApp-Image-2025-12-17-at-07.22.25-2-1-1152x1536.jpeg 1152w, http:\/\/lopezdearenas.org\/inicio\/blog\/wp-content\/uploads\/2025\/12\/WhatsApp-Image-2025-12-17-at-07.22.25-2-1-1536x2048.jpeg 1536w, http:\/\/lopezdearenas.org\/inicio\/blog\/wp-content\/uploads\/2025\/12\/WhatsApp-Image-2025-12-17-at-07.22.25-2-1-scaled.jpeg 1920w\" sizes=\"auto, (max-width: 768px) 100vw, 768px\" \/><\/figure>\n\n\n\n<p>Sin vuestro apoyo, nada de esto habr\u00eda sido posible. Gracias por demostrar, una vez m\u00e1s, que el IES L\u00f3pez de Arenas es un centro unido donde la inclusi\u00f3n y el reconocimiento al esfuerzo de todos son nuestra se\u00f1a de identidad.<\/p>\n","protected":false},"excerpt":{"rendered":"<p>El Aula Espec\u00edfica del IES L\u00f3pez de Arenas ha organizado un precioso mercadillo solidario protagonizado por figuras de Hama Beads. Este proyecto es el resultado de semanas de mucho esfuerzo, ilusi\u00f3n y una creatividad desbordante por parte de nuestro alumnado. &hellip; <a href=\"http:\/\/lopezdearenas.org\/inicio\/blog\/mercadillo-solidario-de-hama-beads\/\">Sigue leyendo <span class=\"meta-nav\">&rarr;<\/span><\/a><\/p>\n","protected":false},"author":82,"featured_media":0,"comment_status":"closed","ping_status":"open","sticky":false,"template":"","format":"standard","meta":{"_jetpack_memberships_contains_paid_content":false,"footnotes":"","jetpack_publicize_message":"","jetpack_publicize_feature_enabled":true,"jetpack_social_post_already_shared":true,"jetpack_social_options":{"image_generator_settings":{"template":"highway","default_image_id":0,"enabled":false},"version":2}},"categories":[5],"tags":[206,278,276,277],"class_list":["post-17555","post","type-post","status-publish","format-standard","hentry","category-novedades","tag-aula-especifica","tag-inclusion","tag-mercadillo-navideno","tag-solidaridad"],"jetpack_publicize_connections":[],"jetpack_featured_media_url":"","jetpack_sharing_enabled":true,"_links":{"self":[{"href":"http:\/\/lopezdearenas.org\/inicio\/blog\/wp-json\/wp\/v2\/posts\/17555","targetHints":{"allow":["GET"]}}],"collection":[{"href":"http:\/\/lopezdearenas.org\/inicio\/blog\/wp-json\/wp\/v2\/posts"}],"about":[{"href":"http:\/\/lopezdearenas.org\/inicio\/blog\/wp-json\/wp\/v2\/types\/post"}],"author":[{"embeddable":true,"href":"http:\/\/lopezdearenas.org\/inicio\/blog\/wp-json\/wp\/v2\/users\/82"}],"replies":[{"embeddable":true,"href":"http:\/\/lopezdearenas.org\/inicio\/blog\/wp-json\/wp\/v2\/comments?post=17555"}],"version-history":[{"count":1,"href":"http:\/\/lopezdearenas.org\/inicio\/blog\/wp-json\/wp\/v2\/posts\/17555\/revisions"}],"predecessor-version":[{"id":17562,"href":"http:\/\/lopezdearenas.org\/inicio\/blog\/wp-json\/wp\/v2\/posts\/17555\/revisions\/17562"}],"wp:attachment":[{"href":"http:\/\/lopezdearenas.org\/inicio\/blog\/wp-json\/wp\/v2\/media?parent=17555"}],"wp:term":[{"taxonomy":"category","embeddable":true,"href":"http:\/\/lopezdearenas.org\/inicio\/blog\/wp-json\/wp\/v2\/categories?post=17555"},{"taxonomy":"post_tag","embeddable":true,"href":"http:\/\/lopezdearenas.org\/inicio\/blog\/wp-json\/wp\/v2\/tags?post=17555"}],"curies":[{"name":"wp","href":"https:\/\/api.w.org\/{rel}","templated":true}]}}