{"id":17537,"date":"2025-12-16T16:06:41","date_gmt":"2025-12-16T15:06:41","guid":{"rendered":"https:\/\/lopezdearenas.org\/inicio\/blog\/?p=17537"},"modified":"2025-12-16T22:58:03","modified_gmt":"2025-12-16T21:58:03","slug":"17537-2","status":"publish","type":"post","link":"http:\/\/lopezdearenas.org\/inicio\/blog\/17537-2\/","title":{"rendered":"DISCURSO FINAL EN LA GALA DE ENTREGA DE LOS VIII PREMIOS DEL FOMENTO DE LA LECTURA Y LAS BIBLIOTECAS ESCOLARES"},"content":{"rendered":"\n<p>El IES L\u00f3pez de Arenas ha participado como invitado de honor en la Gala de Entrega de los VIII Premios para el Reconocimiento a Centros con Buenas Pr\u00e1cticas Docentes en Bibliotecas Escolares y en el Fomento de la Lectura , celebrada el 16 de diciembre de 2025 en el Acuario de Sevilla.<\/p>\n\n\n\n<figure class=\"wp-block-image size-large\"><img loading=\"lazy\" decoding=\"async\" width=\"1024\" height=\"576\" src=\"https:\/\/lopezdearenas.org\/inicio\/blog\/wp-content\/uploads\/2025\/12\/WhatsApp-Image-2025-12-16-at-15.25.52-1024x576.jpeg\" alt=\"\" class=\"wp-image-17538\" srcset=\"http:\/\/lopezdearenas.org\/inicio\/blog\/wp-content\/uploads\/2025\/12\/WhatsApp-Image-2025-12-16-at-15.25.52-1024x576.jpeg 1024w, http:\/\/lopezdearenas.org\/inicio\/blog\/wp-content\/uploads\/2025\/12\/WhatsApp-Image-2025-12-16-at-15.25.52-300x169.jpeg 300w, http:\/\/lopezdearenas.org\/inicio\/blog\/wp-content\/uploads\/2025\/12\/WhatsApp-Image-2025-12-16-at-15.25.52-768x432.jpeg 768w, http:\/\/lopezdearenas.org\/inicio\/blog\/wp-content\/uploads\/2025\/12\/WhatsApp-Image-2025-12-16-at-15.25.52-1536x864.jpeg 1536w, http:\/\/lopezdearenas.org\/inicio\/blog\/wp-content\/uploads\/2025\/12\/WhatsApp-Image-2025-12-16-at-15.25.52-500x281.jpeg 500w, http:\/\/lopezdearenas.org\/inicio\/blog\/wp-content\/uploads\/2025\/12\/WhatsApp-Image-2025-12-16-at-15.25.52.jpeg 2040w\" sizes=\"auto, (max-width: 1024px) 100vw, 1024px\" \/><\/figure>\n\n\n\n<p>Nuestro profesor y responsable de la Biblioteca Escolar, Antonio Mart\u00edn Flores, fue el elegido por la Consejer\u00eda de Desarrollo Educativo y Formaci\u00f3n Profesional para intervenir y realizar la defensa de la lectura en nombre de todos los centros premiados. Entre las autoridades se encontraban la Consejera de Desarrollo Educativo y FP de la Junta de Andaluc\u00eda: Mar\u00eda del Carmen Castillo Mena; Mar\u00eda Estela Villalba, Directora General de Innovaci\u00f3n educativa y Formaci\u00f3n del profesorado; la Jefa del Servicio de Ordenaci\u00f3n Educativa de la Delegaci\u00f3n de Sevilla: Jessica Mar\u00eda Fern\u00e1ndez Pulido, adem\u00e1s de responsables de distintos CEP de la comunidad andaluza.<\/p>\n\n\n\n<figure class=\"wp-block-image size-large\"><img loading=\"lazy\" decoding=\"async\" width=\"768\" height=\"1024\" src=\"https:\/\/lopezdearenas.org\/inicio\/blog\/wp-content\/uploads\/2025\/12\/WhatsApp-Image-2025-12-16-at-20.59.16-768x1024.jpeg\" alt=\"\" class=\"wp-image-17545\" srcset=\"http:\/\/lopezdearenas.org\/inicio\/blog\/wp-content\/uploads\/2025\/12\/WhatsApp-Image-2025-12-16-at-20.59.16-768x1024.jpeg 768w, http:\/\/lopezdearenas.org\/inicio\/blog\/wp-content\/uploads\/2025\/12\/WhatsApp-Image-2025-12-16-at-20.59.16-225x300.jpeg 225w, http:\/\/lopezdearenas.org\/inicio\/blog\/wp-content\/uploads\/2025\/12\/WhatsApp-Image-2025-12-16-at-20.59.16-1152x1536.jpeg 1152w, http:\/\/lopezdearenas.org\/inicio\/blog\/wp-content\/uploads\/2025\/12\/WhatsApp-Image-2025-12-16-at-20.59.16.jpeg 1200w\" sizes=\"auto, (max-width: 768px) 100vw, 768px\" \/><\/figure>\n\n\n\n<p>El discurso de Antonio Mart\u00edn fue una defensa elocuente de la lectura y una profunda reflexi\u00f3n sobre su valor humano. Bajo la premisa de que \u00abla literatura, la lectura no creo que nos hagan mejores personas. Pero s\u00ed distintos\u00bb , el profesor destac\u00f3 que la principal funci\u00f3n de la lectura es ser un \u00abservicio a la comunidad\u00bb.<\/p>\n\n\n\n<figure class=\"wp-block-image size-large\"><img loading=\"lazy\" decoding=\"async\" width=\"768\" height=\"1024\" src=\"https:\/\/lopezdearenas.org\/inicio\/blog\/wp-content\/uploads\/2025\/12\/WhatsApp-Image-2025-12-16-at-20.59.18-1-768x1024.jpeg\" alt=\"\" class=\"wp-image-17546\" srcset=\"http:\/\/lopezdearenas.org\/inicio\/blog\/wp-content\/uploads\/2025\/12\/WhatsApp-Image-2025-12-16-at-20.59.18-1-768x1024.jpeg 768w, http:\/\/lopezdearenas.org\/inicio\/blog\/wp-content\/uploads\/2025\/12\/WhatsApp-Image-2025-12-16-at-20.59.18-1-225x300.jpeg 225w, http:\/\/lopezdearenas.org\/inicio\/blog\/wp-content\/uploads\/2025\/12\/WhatsApp-Image-2025-12-16-at-20.59.18-1-1152x1536.jpeg 1152w, http:\/\/lopezdearenas.org\/inicio\/blog\/wp-content\/uploads\/2025\/12\/WhatsApp-Image-2025-12-16-at-20.59.18-1.jpeg 1200w\" sizes=\"auto, (max-width: 768px) 100vw, 768px\" \/><\/figure>\n\n\n\n<figure class=\"wp-block-image size-large\"><img loading=\"lazy\" decoding=\"async\" width=\"768\" height=\"1024\" src=\"https:\/\/lopezdearenas.org\/inicio\/blog\/wp-content\/uploads\/2025\/12\/WhatsApp-Image-2025-12-16-at-20.59.18-768x1024.jpeg\" alt=\"\" class=\"wp-image-17548\" srcset=\"http:\/\/lopezdearenas.org\/inicio\/blog\/wp-content\/uploads\/2025\/12\/WhatsApp-Image-2025-12-16-at-20.59.18-768x1024.jpeg 768w, http:\/\/lopezdearenas.org\/inicio\/blog\/wp-content\/uploads\/2025\/12\/WhatsApp-Image-2025-12-16-at-20.59.18-225x300.jpeg 225w, http:\/\/lopezdearenas.org\/inicio\/blog\/wp-content\/uploads\/2025\/12\/WhatsApp-Image-2025-12-16-at-20.59.18-1152x1536.jpeg 1152w, http:\/\/lopezdearenas.org\/inicio\/blog\/wp-content\/uploads\/2025\/12\/WhatsApp-Image-2025-12-16-at-20.59.18.jpeg 1200w\" sizes=\"auto, (max-width: 768px) 100vw, 768px\" \/><\/figure>\n\n\n\n<p><a href=\"https:\/\/drive.google.com\/file\/d\/1xoJ34-elo_4Ud0zKymZb_ZBxBVcaDDDC\/view?usp=sharing\">https:\/\/drive.google.com\/file\/d\/1xoJ34-elo_4Ud0zKymZb_ZBxBVcaDDDC\/view?usp=sharing<\/a><\/p>\n\n\n\n<p>Relat\u00f3 una historia personal y emotiva sobre c\u00f3mo encontr\u00f3 en un cuentito de Galeano, <em>El libro de los abrazos<\/em>, las \u00abpalabras exactas para dar \u00e1nimos\u00bb a un familiar hospitalizado, un testimonio que emocion\u00f3 visiblemente a las autoridades presentes, incluyendo a los Directores Generales, a la jefa de Servicio, y al p\u00fablico en general. El IESLA se sinti\u00f3 perfectamente representado al ver c\u00f3mo nuestro compa\u00f1ero transmit\u00eda con tanta pasi\u00f3n y sentimiento la esencia de lo que significa leer y compartir desde <a href=\"https:\/\/sites.google.com\/lopezdearenas.net\/lavozatidebida\/inicio\">LA VOZ A TI DEBIDA<\/a>.<\/p>\n\n\n\n<p>Aunque Antonio Mart\u00edn fue el portavoz, este momento de reconocimiento es el fruto de un trabajo colectivo. Por ello, queremos agradecer sinceramente a TODO el profesorado del IES L\u00f3pez de Arenas que, d\u00eda tras d\u00eda, fomenta la lectura y participa en la BECREA, en ComunicA y en todos los proyectos lectores del centro.<\/p>\n\n\n\n<figure class=\"wp-block-image size-large\"><img loading=\"lazy\" decoding=\"async\" width=\"1024\" height=\"768\" src=\"https:\/\/lopezdearenas.org\/inicio\/blog\/wp-content\/uploads\/2025\/12\/WhatsApp-Image-2025-12-16-at-21.30.13-1-1024x768.jpeg\" alt=\"\" class=\"wp-image-17551\" srcset=\"http:\/\/lopezdearenas.org\/inicio\/blog\/wp-content\/uploads\/2025\/12\/WhatsApp-Image-2025-12-16-at-21.30.13-1-1024x768.jpeg 1024w, http:\/\/lopezdearenas.org\/inicio\/blog\/wp-content\/uploads\/2025\/12\/WhatsApp-Image-2025-12-16-at-21.30.13-1-300x225.jpeg 300w, http:\/\/lopezdearenas.org\/inicio\/blog\/wp-content\/uploads\/2025\/12\/WhatsApp-Image-2025-12-16-at-21.30.13-1-768x576.jpeg 768w, http:\/\/lopezdearenas.org\/inicio\/blog\/wp-content\/uploads\/2025\/12\/WhatsApp-Image-2025-12-16-at-21.30.13-1-1536x1152.jpeg 1536w, http:\/\/lopezdearenas.org\/inicio\/blog\/wp-content\/uploads\/2025\/12\/WhatsApp-Image-2025-12-16-at-21.30.13-1-400x300.jpeg 400w, http:\/\/lopezdearenas.org\/inicio\/blog\/wp-content\/uploads\/2025\/12\/WhatsApp-Image-2025-12-16-at-21.30.13-1.jpeg 1600w\" sizes=\"auto, (max-width: 1024px) 100vw, 1024px\" \/><\/figure>\n\n\n\n<p>Sin la implicaci\u00f3n, la constancia y la magn\u00edfica labor de todos los compa\u00f1eros y compa\u00f1eras, que trabajan incansablemente por hacer de nuestra BECREA un verdadero motor cultural y educativo, esta invitaci\u00f3n no hubieran sido posibles.<\/p>\n\n\n\n<figure class=\"wp-block-image size-large\"><img loading=\"lazy\" decoding=\"async\" width=\"1024\" height=\"682\" src=\"https:\/\/lopezdearenas.org\/inicio\/blog\/wp-content\/uploads\/2025\/12\/WhatsApp-Image-2025-12-16-at-21.30.13-1024x682.jpeg\" alt=\"\" class=\"wp-image-17550\" srcset=\"http:\/\/lopezdearenas.org\/inicio\/blog\/wp-content\/uploads\/2025\/12\/WhatsApp-Image-2025-12-16-at-21.30.13-1024x682.jpeg 1024w, http:\/\/lopezdearenas.org\/inicio\/blog\/wp-content\/uploads\/2025\/12\/WhatsApp-Image-2025-12-16-at-21.30.13-300x200.jpeg 300w, http:\/\/lopezdearenas.org\/inicio\/blog\/wp-content\/uploads\/2025\/12\/WhatsApp-Image-2025-12-16-at-21.30.13-768x512.jpeg 768w, http:\/\/lopezdearenas.org\/inicio\/blog\/wp-content\/uploads\/2025\/12\/WhatsApp-Image-2025-12-16-at-21.30.13-1536x1023.jpeg 1536w, http:\/\/lopezdearenas.org\/inicio\/blog\/wp-content\/uploads\/2025\/12\/WhatsApp-Image-2025-12-16-at-21.30.13-450x300.jpeg 450w, http:\/\/lopezdearenas.org\/inicio\/blog\/wp-content\/uploads\/2025\/12\/WhatsApp-Image-2025-12-16-at-21.30.13.jpeg 1600w\" sizes=\"auto, (max-width: 1024px) 100vw, 1024px\" \/><\/figure>\n\n\n\n<figure class=\"wp-block-image size-large\"><img loading=\"lazy\" decoding=\"async\" width=\"1024\" height=\"768\" src=\"https:\/\/lopezdearenas.org\/inicio\/blog\/wp-content\/uploads\/2025\/12\/WhatsApp-Image-2025-12-16-at-21.30.14-1024x768.jpeg\" alt=\"\" class=\"wp-image-17553\" srcset=\"http:\/\/lopezdearenas.org\/inicio\/blog\/wp-content\/uploads\/2025\/12\/WhatsApp-Image-2025-12-16-at-21.30.14-1024x768.jpeg 1024w, http:\/\/lopezdearenas.org\/inicio\/blog\/wp-content\/uploads\/2025\/12\/WhatsApp-Image-2025-12-16-at-21.30.14-300x225.jpeg 300w, http:\/\/lopezdearenas.org\/inicio\/blog\/wp-content\/uploads\/2025\/12\/WhatsApp-Image-2025-12-16-at-21.30.14-768x576.jpeg 768w, http:\/\/lopezdearenas.org\/inicio\/blog\/wp-content\/uploads\/2025\/12\/WhatsApp-Image-2025-12-16-at-21.30.14-1536x1152.jpeg 1536w, http:\/\/lopezdearenas.org\/inicio\/blog\/wp-content\/uploads\/2025\/12\/WhatsApp-Image-2025-12-16-at-21.30.14-400x300.jpeg 400w, http:\/\/lopezdearenas.org\/inicio\/blog\/wp-content\/uploads\/2025\/12\/WhatsApp-Image-2025-12-16-at-21.30.14.jpeg 1600w\" sizes=\"auto, (max-width: 1024px) 100vw, 1024px\" \/><\/figure>\n\n\n\n<p><\/p>\n","protected":false},"excerpt":{"rendered":"<p>El IES L\u00f3pez de Arenas ha participado como invitado de honor en la Gala de Entrega de los VIII Premios para el Reconocimiento a Centros con Buenas Pr\u00e1cticas Docentes en Bibliotecas Escolares y en el Fomento de la Lectura , &hellip; <a href=\"http:\/\/lopezdearenas.org\/inicio\/blog\/17537-2\/\">Sigue leyendo <span class=\"meta-nav\">&rarr;<\/span><\/a><\/p>\n","protected":false},"author":82,"featured_media":0,"comment_status":"closed","ping_status":"open","sticky":false,"template":"","format":"standard","meta":{"_jetpack_memberships_contains_paid_content":false,"footnotes":"","jetpack_publicize_message":"","jetpack_publicize_feature_enabled":true,"jetpack_social_post_already_shared":true,"jetpack_social_options":{"image_generator_settings":{"template":"highway","default_image_id":0,"enabled":false},"version":2}},"categories":[5],"tags":[168,196,175,253,275,198],"class_list":["post-17537","post","type-post","status-publish","format-standard","hentry","category-novedades","tag-becrea","tag-comunica","tag-fomento-de-la-lectura","tag-premios","tag-reconocimientos","tag-tratamiento-de-la-lectura"],"jetpack_publicize_connections":[],"jetpack_featured_media_url":"","jetpack_sharing_enabled":true,"_links":{"self":[{"href":"http:\/\/lopezdearenas.org\/inicio\/blog\/wp-json\/wp\/v2\/posts\/17537","targetHints":{"allow":["GET"]}}],"collection":[{"href":"http:\/\/lopezdearenas.org\/inicio\/blog\/wp-json\/wp\/v2\/posts"}],"about":[{"href":"http:\/\/lopezdearenas.org\/inicio\/blog\/wp-json\/wp\/v2\/types\/post"}],"author":[{"embeddable":true,"href":"http:\/\/lopezdearenas.org\/inicio\/blog\/wp-json\/wp\/v2\/users\/82"}],"replies":[{"embeddable":true,"href":"http:\/\/lopezdearenas.org\/inicio\/blog\/wp-json\/wp\/v2\/comments?post=17537"}],"version-history":[{"count":5,"href":"http:\/\/lopezdearenas.org\/inicio\/blog\/wp-json\/wp\/v2\/posts\/17537\/revisions"}],"predecessor-version":[{"id":17554,"href":"http:\/\/lopezdearenas.org\/inicio\/blog\/wp-json\/wp\/v2\/posts\/17537\/revisions\/17554"}],"wp:attachment":[{"href":"http:\/\/lopezdearenas.org\/inicio\/blog\/wp-json\/wp\/v2\/media?parent=17537"}],"wp:term":[{"taxonomy":"category","embeddable":true,"href":"http:\/\/lopezdearenas.org\/inicio\/blog\/wp-json\/wp\/v2\/categories?post=17537"},{"taxonomy":"post_tag","embeddable":true,"href":"http:\/\/lopezdearenas.org\/inicio\/blog\/wp-json\/wp\/v2\/tags?post=17537"}],"curies":[{"name":"wp","href":"https:\/\/api.w.org\/{rel}","templated":true}]}}