{"id":17511,"date":"2025-12-12T09:55:40","date_gmt":"2025-12-12T08:55:40","guid":{"rendered":"https:\/\/lopezdearenas.org\/inicio\/blog\/?p=17511"},"modified":"2025-12-12T16:36:05","modified_gmt":"2025-12-12T15:36:05","slug":"job-shadowing-con-el-liceo-pablo-picasso-de-italia","status":"publish","type":"post","link":"http:\/\/lopezdearenas.org\/inicio\/blog\/job-shadowing-con-el-liceo-pablo-picasso-de-italia\/","title":{"rendered":"Job Shadowing con el Liceo Pablo Picasso de Italia"},"content":{"rendered":"\n<p>Siempre abrir las puertas del centro a Europa con los intercambios, con el profesorado visitante, es una oportunidad \u00fanica para mejorar la calidad de la ense\u00f1anza. Pero, a veces, adem\u00e1s, ocurre que la experiencia se enriquece si, como ha sido en el caso de este <em>job shadowing<\/em> con el profesorado italiano, los compa\u00f1eros y compa\u00f1eras que hemos recibido son bell\u00edsimas personas.<\/p>\n\n\n\n<figure class=\"wp-block-image size-large\"><img loading=\"lazy\" decoding=\"async\" width=\"1024\" height=\"768\" src=\"https:\/\/lopezdearenas.org\/inicio\/blog\/wp-content\/uploads\/2025\/12\/WhatsApp-Image-2025-12-12-at-16.35.10-1024x768.jpeg\" alt=\"\" class=\"wp-image-17521\" srcset=\"http:\/\/lopezdearenas.org\/inicio\/blog\/wp-content\/uploads\/2025\/12\/WhatsApp-Image-2025-12-12-at-16.35.10-1024x768.jpeg 1024w, http:\/\/lopezdearenas.org\/inicio\/blog\/wp-content\/uploads\/2025\/12\/WhatsApp-Image-2025-12-12-at-16.35.10-300x225.jpeg 300w, http:\/\/lopezdearenas.org\/inicio\/blog\/wp-content\/uploads\/2025\/12\/WhatsApp-Image-2025-12-12-at-16.35.10-768x576.jpeg 768w, http:\/\/lopezdearenas.org\/inicio\/blog\/wp-content\/uploads\/2025\/12\/WhatsApp-Image-2025-12-12-at-16.35.10-1536x1152.jpeg 1536w, http:\/\/lopezdearenas.org\/inicio\/blog\/wp-content\/uploads\/2025\/12\/WhatsApp-Image-2025-12-12-at-16.35.10-400x300.jpeg 400w, http:\/\/lopezdearenas.org\/inicio\/blog\/wp-content\/uploads\/2025\/12\/WhatsApp-Image-2025-12-12-at-16.35.10.jpeg 2048w\" sizes=\"auto, (max-width: 1024px) 100vw, 1024px\" \/><\/figure>\n\n\n\n<p>Durante esta semana, del 7 al 13 de diciembre de 2025, el IES L\u00f3pez de Arenas ha tenido el inmenso placer de acoger a cinco profesores del Liceo Pablo Picasso de Pomezia (Italia), en el marco de una movilidad Erasmus+ de <em>Job Shadowing<\/em>.<\/p>\n\n\n\n<figure class=\"wp-block-image size-large\"><img loading=\"lazy\" decoding=\"async\" width=\"1024\" height=\"768\" src=\"https:\/\/lopezdearenas.org\/inicio\/blog\/wp-content\/uploads\/2025\/12\/WhatsApp-Image-2025-12-12-at-14.52.57-1024x768.jpeg\" alt=\"\" class=\"wp-image-17519\" srcset=\"http:\/\/lopezdearenas.org\/inicio\/blog\/wp-content\/uploads\/2025\/12\/WhatsApp-Image-2025-12-12-at-14.52.57-1024x768.jpeg 1024w, http:\/\/lopezdearenas.org\/inicio\/blog\/wp-content\/uploads\/2025\/12\/WhatsApp-Image-2025-12-12-at-14.52.57-300x225.jpeg 300w, http:\/\/lopezdearenas.org\/inicio\/blog\/wp-content\/uploads\/2025\/12\/WhatsApp-Image-2025-12-12-at-14.52.57-768x576.jpeg 768w, http:\/\/lopezdearenas.org\/inicio\/blog\/wp-content\/uploads\/2025\/12\/WhatsApp-Image-2025-12-12-at-14.52.57-1536x1152.jpeg 1536w, http:\/\/lopezdearenas.org\/inicio\/blog\/wp-content\/uploads\/2025\/12\/WhatsApp-Image-2025-12-12-at-14.52.57-400x300.jpeg 400w, http:\/\/lopezdearenas.org\/inicio\/blog\/wp-content\/uploads\/2025\/12\/WhatsApp-Image-2025-12-12-at-14.52.57.jpeg 2000w\" sizes=\"auto, (max-width: 1024px) 100vw, 1024px\" \/><\/figure>\n\n\n\n<p>El grupo visitante, compuesto por Sara Vella Russo, Antonella Bernardo, Alfonso Fiero, Valerio Pizziconi y Ciro Fusco, ha participado en jornadas de observaci\u00f3n e intercambio profesional. Han conocido en profundidad nuestro sistema educativo observando clases y reuni\u00e9ndose con el profesorado.<\/p>\n\n\n\n<figure class=\"wp-block-image size-large\"><img loading=\"lazy\" decoding=\"async\" width=\"1024\" height=\"768\" src=\"https:\/\/lopezdearenas.org\/inicio\/blog\/wp-content\/uploads\/2025\/12\/WhatsApp-Image-2025-12-12-at-08.49.31-1024x768.jpeg\" alt=\"\" class=\"wp-image-17512\" srcset=\"http:\/\/lopezdearenas.org\/inicio\/blog\/wp-content\/uploads\/2025\/12\/WhatsApp-Image-2025-12-12-at-08.49.31-1024x768.jpeg 1024w, http:\/\/lopezdearenas.org\/inicio\/blog\/wp-content\/uploads\/2025\/12\/WhatsApp-Image-2025-12-12-at-08.49.31-300x225.jpeg 300w, http:\/\/lopezdearenas.org\/inicio\/blog\/wp-content\/uploads\/2025\/12\/WhatsApp-Image-2025-12-12-at-08.49.31-768x576.jpeg 768w, http:\/\/lopezdearenas.org\/inicio\/blog\/wp-content\/uploads\/2025\/12\/WhatsApp-Image-2025-12-12-at-08.49.31-1536x1152.jpeg 1536w, http:\/\/lopezdearenas.org\/inicio\/blog\/wp-content\/uploads\/2025\/12\/WhatsApp-Image-2025-12-12-at-08.49.31-400x300.jpeg 400w, http:\/\/lopezdearenas.org\/inicio\/blog\/wp-content\/uploads\/2025\/12\/WhatsApp-Image-2025-12-12-at-08.49.31.jpeg 1600w\" sizes=\"auto, (max-width: 1024px) 100vw, 1024px\" \/><\/figure>\n\n\n\n<p>Los docentes italianos han podido observar la aplicaci\u00f3n pr\u00e1ctica de metodolog\u00edas innovadoras en asignaturas como:<\/p>\n\n\n\n<figure class=\"wp-block-image size-large\"><img loading=\"lazy\" decoding=\"async\" width=\"768\" height=\"1024\" src=\"https:\/\/lopezdearenas.org\/inicio\/blog\/wp-content\/uploads\/2025\/12\/WhatsApp-Image-2025-12-12-at-14.52.19-768x1024.jpeg\" alt=\"\" class=\"wp-image-17516\" srcset=\"http:\/\/lopezdearenas.org\/inicio\/blog\/wp-content\/uploads\/2025\/12\/WhatsApp-Image-2025-12-12-at-14.52.19-768x1024.jpeg 768w, http:\/\/lopezdearenas.org\/inicio\/blog\/wp-content\/uploads\/2025\/12\/WhatsApp-Image-2025-12-12-at-14.52.19-225x300.jpeg 225w, http:\/\/lopezdearenas.org\/inicio\/blog\/wp-content\/uploads\/2025\/12\/WhatsApp-Image-2025-12-12-at-14.52.19-1152x1536.jpeg 1152w, http:\/\/lopezdearenas.org\/inicio\/blog\/wp-content\/uploads\/2025\/12\/WhatsApp-Image-2025-12-12-at-14.52.19.jpeg 1200w\" sizes=\"auto, (max-width: 768px) 100vw, 768px\" \/><\/figure>\n\n\n\n<ul class=\"wp-block-list\">\n<li>Matem\u00e1ticas<\/li>\n\n\n\n<li>F\u00edsica y Qu\u00edmica, Geolog\u00eda y Biolog\u00eda<\/li>\n\n\n\n<li>Computaci\u00f3n y Rob\u00f3tica, Tecnolog\u00eda e Inform\u00e1tica<\/li>\n<\/ul>\n\n\n\n<p>Adem\u00e1s, han conocido los diferentes proyectos que desarrollamos en nuestro centro en relaci\u00f3n al Medio Ambiente, la Inclusi\u00f3n y STEAM. Y, por si fuera poco, tambi\u00e9n han querido nutrirse de otros proyectos como la Voz a ti Debida o Personas-libro.<\/p>\n\n\n\n<figure class=\"wp-block-image size-large\"><img loading=\"lazy\" decoding=\"async\" width=\"768\" height=\"1024\" src=\"https:\/\/lopezdearenas.org\/inicio\/blog\/wp-content\/uploads\/2025\/12\/WhatsApp-Image-2025-12-12-at-14.52.20-768x1024.jpeg\" alt=\"\" class=\"wp-image-17517\" srcset=\"http:\/\/lopezdearenas.org\/inicio\/blog\/wp-content\/uploads\/2025\/12\/WhatsApp-Image-2025-12-12-at-14.52.20-768x1024.jpeg 768w, http:\/\/lopezdearenas.org\/inicio\/blog\/wp-content\/uploads\/2025\/12\/WhatsApp-Image-2025-12-12-at-14.52.20-225x300.jpeg 225w, http:\/\/lopezdearenas.org\/inicio\/blog\/wp-content\/uploads\/2025\/12\/WhatsApp-Image-2025-12-12-at-14.52.20-1152x1536.jpeg 1152w, http:\/\/lopezdearenas.org\/inicio\/blog\/wp-content\/uploads\/2025\/12\/WhatsApp-Image-2025-12-12-at-14.52.20.jpeg 1200w\" sizes=\"auto, (max-width: 768px) 100vw, 768px\" \/><\/figure>\n\n\n\n<p>M\u00e1s all\u00e1 de lo puramente acad\u00e9mico, la calidad humana y la cercan\u00eda de nuestros colegas han enriquecido la experiencia. Su presencia y colaboraci\u00f3n demuestran que el verdadero esp\u00edritu Erasmus+ reside en la comprensi\u00f3n, el enriquecimiento mutuo y la creaci\u00f3n de lazos personales entre culturas.<\/p>\n\n\n\n<p>Agradecemos a los profesores del Liceo Pablo Picasso su profesionalidad y su calidez, y esperamos seguir fortaleciendo la cooperaci\u00f3n entre nuestros centros.<\/p>\n\n\n\n<p>\u00a1Ya mismo nos vemos en Italia!<\/p>\n\n\n\n<p><\/p>\n\n\n\n<p><\/p>\n","protected":false},"excerpt":{"rendered":"<p>Siempre abrir las puertas del centro a Europa con los intercambios, con el profesorado visitante, es una oportunidad \u00fanica para mejorar la calidad de la ense\u00f1anza. Pero, a veces, adem\u00e1s, ocurre que la experiencia se enriquece si, como ha sido &hellip; <a href=\"http:\/\/lopezdearenas.org\/inicio\/blog\/job-shadowing-con-el-liceo-pablo-picasso-de-italia\/\">Sigue leyendo <span class=\"meta-nav\">&rarr;<\/span><\/a><\/p>\n","protected":false},"author":82,"featured_media":0,"comment_status":"closed","ping_status":"open","sticky":false,"template":"","format":"standard","meta":{"_jetpack_memberships_contains_paid_content":false,"footnotes":"","jetpack_publicize_message":"","jetpack_publicize_feature_enabled":true,"jetpack_social_post_already_shared":true,"jetpack_social_options":{"image_generator_settings":{"template":"highway","default_image_id":0,"enabled":false},"version":2}},"categories":[5],"tags":[152,273,197,274,49],"class_list":["post-17511","post","type-post","status-publish","format-standard","hentry","category-novedades","tag-erasmus-2","tag-italia","tag-job-shadowing","tag-liceo-pablo-picasso","tag-profesorado"],"jetpack_publicize_connections":[],"jetpack_featured_media_url":"","jetpack_sharing_enabled":true,"_links":{"self":[{"href":"http:\/\/lopezdearenas.org\/inicio\/blog\/wp-json\/wp\/v2\/posts\/17511","targetHints":{"allow":["GET"]}}],"collection":[{"href":"http:\/\/lopezdearenas.org\/inicio\/blog\/wp-json\/wp\/v2\/posts"}],"about":[{"href":"http:\/\/lopezdearenas.org\/inicio\/blog\/wp-json\/wp\/v2\/types\/post"}],"author":[{"embeddable":true,"href":"http:\/\/lopezdearenas.org\/inicio\/blog\/wp-json\/wp\/v2\/users\/82"}],"replies":[{"embeddable":true,"href":"http:\/\/lopezdearenas.org\/inicio\/blog\/wp-json\/wp\/v2\/comments?post=17511"}],"version-history":[{"count":3,"href":"http:\/\/lopezdearenas.org\/inicio\/blog\/wp-json\/wp\/v2\/posts\/17511\/revisions"}],"predecessor-version":[{"id":17522,"href":"http:\/\/lopezdearenas.org\/inicio\/blog\/wp-json\/wp\/v2\/posts\/17511\/revisions\/17522"}],"wp:attachment":[{"href":"http:\/\/lopezdearenas.org\/inicio\/blog\/wp-json\/wp\/v2\/media?parent=17511"}],"wp:term":[{"taxonomy":"category","embeddable":true,"href":"http:\/\/lopezdearenas.org\/inicio\/blog\/wp-json\/wp\/v2\/categories?post=17511"},{"taxonomy":"post_tag","embeddable":true,"href":"http:\/\/lopezdearenas.org\/inicio\/blog\/wp-json\/wp\/v2\/tags?post=17511"}],"curies":[{"name":"wp","href":"https:\/\/api.w.org\/{rel}","templated":true}]}}