{"id":17508,"date":"2025-12-10T16:27:01","date_gmt":"2025-12-10T15:27:01","guid":{"rendered":"https:\/\/lopezdearenas.org\/inicio\/blog\/?p=17508"},"modified":"2025-12-10T16:27:44","modified_gmt":"2025-12-10T15:27:44","slug":"el-aula-especifica-entrevista-al-director-como-producto-final-de-una-sda","status":"publish","type":"post","link":"http:\/\/lopezdearenas.org\/inicio\/blog\/el-aula-especifica-entrevista-al-director-como-producto-final-de-una-sda\/","title":{"rendered":"EL AULA ESPEC\u00cdFICA ENTREVISTA AL DIRECTOR COMO PRODUCTO FINAL DE UNA SdA"},"content":{"rendered":"\n<p>El alumnado del Aula Espec\u00edfica ha tenido la oportunidad de entrevistar al director del IES L\u00f3pez de Arenas como parte del producto final de la situaci\u00f3n de aprendizaje \u201cEl pueblo y su gente\u201d.<\/p>\n\n\n\n<figure class=\"wp-block-image size-large\"><img loading=\"lazy\" decoding=\"async\" width=\"1024\" height=\"926\" src=\"https:\/\/lopezdearenas.org\/inicio\/blog\/wp-content\/uploads\/2025\/12\/WhatsApp-Image-2025-12-10-at-11.41.05-1024x926.jpeg\" alt=\"\" class=\"wp-image-17509\" srcset=\"http:\/\/lopezdearenas.org\/inicio\/blog\/wp-content\/uploads\/2025\/12\/WhatsApp-Image-2025-12-10-at-11.41.05-1024x926.jpeg 1024w, http:\/\/lopezdearenas.org\/inicio\/blog\/wp-content\/uploads\/2025\/12\/WhatsApp-Image-2025-12-10-at-11.41.05-300x271.jpeg 300w, http:\/\/lopezdearenas.org\/inicio\/blog\/wp-content\/uploads\/2025\/12\/WhatsApp-Image-2025-12-10-at-11.41.05-768x695.jpeg 768w, http:\/\/lopezdearenas.org\/inicio\/blog\/wp-content\/uploads\/2025\/12\/WhatsApp-Image-2025-12-10-at-11.41.05-332x300.jpeg 332w, http:\/\/lopezdearenas.org\/inicio\/blog\/wp-content\/uploads\/2025\/12\/WhatsApp-Image-2025-12-10-at-11.41.05.jpeg 1512w\" sizes=\"auto, (max-width: 1024px) 100vw, 1024px\" \/><\/figure>\n\n\n\n<p>A trav\u00e9s de sus preguntas, los chicos y chicas han podido conocer de primera mano c\u00f3mo funciona la direcci\u00f3n del centro, cu\u00e1les son sus responsabilidades diarias y qu\u00e9 aspectos valora m\u00e1s de la comunidad educativa.<\/p>\n\n\n\n<p>La actividad ha sido el resultado de un gran esfuerzo por parte del alumnado, que no solo ha permitido trabajar habilidades comunicativas y sociales, sino que ha reforzado la participaci\u00f3n activa del alumnado en la vida del centro.<\/p>\n\n\n\n<p>Gracias al director por su cercan\u00eda y por responder, incluso, a cuestiones personales&#8230;, tambi\u00e9n por brindarnos un espacio de di\u00e1logo tan did\u00e1ctico y acogedor. Y sobre todo, enhorabuena al alumnado y Equipo Docente por su magn\u00edfico trabajo y por la ilusi\u00f3n con la que prepararon la entrevista.<\/p>\n","protected":false},"excerpt":{"rendered":"<p>El alumnado del Aula Espec\u00edfica ha tenido la oportunidad de entrevistar al director del IES L\u00f3pez de Arenas como parte del producto final de la situaci\u00f3n de aprendizaje \u201cEl pueblo y su gente\u201d. A trav\u00e9s de sus preguntas, los chicos &hellip; <a href=\"http:\/\/lopezdearenas.org\/inicio\/blog\/el-aula-especifica-entrevista-al-director-como-producto-final-de-una-sda\/\">Sigue leyendo <span class=\"meta-nav\">&rarr;<\/span><\/a><\/p>\n","protected":false},"author":82,"featured_media":0,"comment_status":"closed","ping_status":"open","sticky":false,"template":"","format":"standard","meta":{"_jetpack_memberships_contains_paid_content":false,"footnotes":"","jetpack_publicize_message":"","jetpack_publicize_feature_enabled":true,"jetpack_social_post_already_shared":true,"jetpack_social_options":{"image_generator_settings":{"template":"highway","default_image_id":0,"enabled":false},"version":2}},"categories":[5],"tags":[174,206,272,270,49,271],"class_list":["post-17508","post","type-post","status-publish","format-standard","hentry","category-novedades","tag-alumnado","tag-aula-especifica","tag-director","tag-entrevistas","tag-profesorado","tag-sda"],"jetpack_publicize_connections":[],"jetpack_featured_media_url":"","jetpack_sharing_enabled":true,"_links":{"self":[{"href":"http:\/\/lopezdearenas.org\/inicio\/blog\/wp-json\/wp\/v2\/posts\/17508","targetHints":{"allow":["GET"]}}],"collection":[{"href":"http:\/\/lopezdearenas.org\/inicio\/blog\/wp-json\/wp\/v2\/posts"}],"about":[{"href":"http:\/\/lopezdearenas.org\/inicio\/blog\/wp-json\/wp\/v2\/types\/post"}],"author":[{"embeddable":true,"href":"http:\/\/lopezdearenas.org\/inicio\/blog\/wp-json\/wp\/v2\/users\/82"}],"replies":[{"embeddable":true,"href":"http:\/\/lopezdearenas.org\/inicio\/blog\/wp-json\/wp\/v2\/comments?post=17508"}],"version-history":[{"count":1,"href":"http:\/\/lopezdearenas.org\/inicio\/blog\/wp-json\/wp\/v2\/posts\/17508\/revisions"}],"predecessor-version":[{"id":17510,"href":"http:\/\/lopezdearenas.org\/inicio\/blog\/wp-json\/wp\/v2\/posts\/17508\/revisions\/17510"}],"wp:attachment":[{"href":"http:\/\/lopezdearenas.org\/inicio\/blog\/wp-json\/wp\/v2\/media?parent=17508"}],"wp:term":[{"taxonomy":"category","embeddable":true,"href":"http:\/\/lopezdearenas.org\/inicio\/blog\/wp-json\/wp\/v2\/categories?post=17508"},{"taxonomy":"post_tag","embeddable":true,"href":"http:\/\/lopezdearenas.org\/inicio\/blog\/wp-json\/wp\/v2\/tags?post=17508"}],"curies":[{"name":"wp","href":"https:\/\/api.w.org\/{rel}","templated":true}]}}