{"id":17483,"date":"2025-12-03T08:50:10","date_gmt":"2025-12-03T07:50:10","guid":{"rendered":"https:\/\/lopezdearenas.org\/inicio\/blog\/?p=17483"},"modified":"2025-12-04T09:16:29","modified_gmt":"2025-12-04T08:16:29","slug":"reconocimiento-en-sevilla-nuestra-ex-alumna-irene-palacios-mayorga-galardonada-en-el-25n","status":"publish","type":"post","link":"http:\/\/lopezdearenas.org\/inicio\/blog\/reconocimiento-en-sevilla-nuestra-ex-alumna-irene-palacios-mayorga-galardonada-en-el-25n\/","title":{"rendered":"\u00a1Reconocimiento en Sevilla! Nuestra ex alumna, Irene Palacios Mayorga, galardonada en el 25N"},"content":{"rendered":"\n<p>El IES L\u00f3pez de Arenas felicita con orgullo a nuestra ex alumna, Irene Palacios Mayorga, por su brillante reconocimiento en el Concurso de carteles y esl\u00f3ganes del 25N organizado por el Ayuntamiento de Sevilla.<\/p>\n\n\n\n<p>Este certamen, enmarcado en el D\u00eda Internacional de la Eliminaci\u00f3n de la Violencia contra la Mujer, premia el talento creativo y el compromiso social de los j\u00f3venes en la lucha contra esta lacra.<\/p>\n\n\n\n<p>El galard\u00f3n de Irene es un reflejo de la sensibilidad, el esp\u00edritu cr\u00edtico y los valores de igualdad que se promueven en nuestro centro. Demuestra que el compromiso con el Pacto de Estado contra la Violencia de G\u00e9nero y la formaci\u00f3n en valores perduran m\u00e1s all\u00e1 de las aulas del IES L\u00f3pez de Arenas.<\/p>\n\n\n\n<figure class=\"wp-block-image size-large\"><img loading=\"lazy\" decoding=\"async\" width=\"1024\" height=\"768\" src=\"https:\/\/lopezdearenas.org\/inicio\/blog\/wp-content\/uploads\/2025\/12\/c09af380-2e9c-4dc3-9c54-1daabcfcb1a7-1024x768.jpeg\" alt=\"\" class=\"wp-image-17498\" srcset=\"http:\/\/lopezdearenas.org\/inicio\/blog\/wp-content\/uploads\/2025\/12\/c09af380-2e9c-4dc3-9c54-1daabcfcb1a7-1024x768.jpeg 1024w, http:\/\/lopezdearenas.org\/inicio\/blog\/wp-content\/uploads\/2025\/12\/c09af380-2e9c-4dc3-9c54-1daabcfcb1a7-300x225.jpeg 300w, http:\/\/lopezdearenas.org\/inicio\/blog\/wp-content\/uploads\/2025\/12\/c09af380-2e9c-4dc3-9c54-1daabcfcb1a7-768x576.jpeg 768w, http:\/\/lopezdearenas.org\/inicio\/blog\/wp-content\/uploads\/2025\/12\/c09af380-2e9c-4dc3-9c54-1daabcfcb1a7-1536x1152.jpeg 1536w, http:\/\/lopezdearenas.org\/inicio\/blog\/wp-content\/uploads\/2025\/12\/c09af380-2e9c-4dc3-9c54-1daabcfcb1a7-400x300.jpeg 400w, http:\/\/lopezdearenas.org\/inicio\/blog\/wp-content\/uploads\/2025\/12\/c09af380-2e9c-4dc3-9c54-1daabcfcb1a7.jpeg 1600w\" sizes=\"auto, (max-width: 1024px) 100vw, 1024px\" \/><\/figure>\n\n\n\n<figure class=\"wp-block-image size-large\"><img loading=\"lazy\" decoding=\"async\" width=\"768\" height=\"1024\" src=\"https:\/\/lopezdearenas.org\/inicio\/blog\/wp-content\/uploads\/2025\/12\/acb59cd9-70a7-4c25-88bc-8b6e6c8761ba-768x1024.jpeg\" alt=\"\" class=\"wp-image-17499\" srcset=\"http:\/\/lopezdearenas.org\/inicio\/blog\/wp-content\/uploads\/2025\/12\/acb59cd9-70a7-4c25-88bc-8b6e6c8761ba-768x1024.jpeg 768w, http:\/\/lopezdearenas.org\/inicio\/blog\/wp-content\/uploads\/2025\/12\/acb59cd9-70a7-4c25-88bc-8b6e6c8761ba-225x300.jpeg 225w, http:\/\/lopezdearenas.org\/inicio\/blog\/wp-content\/uploads\/2025\/12\/acb59cd9-70a7-4c25-88bc-8b6e6c8761ba-1152x1536.jpeg 1152w, http:\/\/lopezdearenas.org\/inicio\/blog\/wp-content\/uploads\/2025\/12\/acb59cd9-70a7-4c25-88bc-8b6e6c8761ba.jpeg 1200w\" sizes=\"auto, (max-width: 768px) 100vw, 768px\" \/><\/figure>\n\n\n\n<p>\u00a1Enhorabuena, Irene, por tu mensaje y por tu obra!<\/p>\n\n\n\n<p>Puedes consultar la noticia del Ayuntamiento de Sevilla y el reconocimiento a los ganadores en el siguiente enlace:<\/p>\n\n\n\n<p>&#x1f517; Noticia Ayuntamiento de Sevilla<\/p>\n","protected":false},"excerpt":{"rendered":"<p>El IES L\u00f3pez de Arenas felicita con orgullo a nuestra ex alumna, Irene Palacios Mayorga, por su brillante reconocimiento en el Concurso de carteles y esl\u00f3ganes del 25N organizado por el Ayuntamiento de Sevilla. Este certamen, enmarcado en el D\u00eda &hellip; <a href=\"http:\/\/lopezdearenas.org\/inicio\/blog\/reconocimiento-en-sevilla-nuestra-ex-alumna-irene-palacios-mayorga-galardonada-en-el-25n\/\">Sigue leyendo <span class=\"meta-nav\">&rarr;<\/span><\/a><\/p>\n","protected":false},"author":82,"featured_media":0,"comment_status":"closed","ping_status":"open","sticky":false,"template":"","format":"standard","meta":{"_jetpack_memberships_contains_paid_content":false,"footnotes":"","jetpack_publicize_message":"","jetpack_publicize_feature_enabled":true,"jetpack_social_post_already_shared":true,"jetpack_social_options":{"image_generator_settings":{"template":"highway","default_image_id":0,"enabled":false},"version":2}},"categories":[5],"tags":[71,174,264,265,253],"class_list":["post-17483","post","type-post","status-publish","format-standard","hentry","category-novedades","tag-25n","tag-alumnado","tag-antiguo-alumnado","tag-ayuntamiento-sevilla","tag-premios"],"jetpack_publicize_connections":[],"jetpack_featured_media_url":"","jetpack_sharing_enabled":true,"_links":{"self":[{"href":"http:\/\/lopezdearenas.org\/inicio\/blog\/wp-json\/wp\/v2\/posts\/17483","targetHints":{"allow":["GET"]}}],"collection":[{"href":"http:\/\/lopezdearenas.org\/inicio\/blog\/wp-json\/wp\/v2\/posts"}],"about":[{"href":"http:\/\/lopezdearenas.org\/inicio\/blog\/wp-json\/wp\/v2\/types\/post"}],"author":[{"embeddable":true,"href":"http:\/\/lopezdearenas.org\/inicio\/blog\/wp-json\/wp\/v2\/users\/82"}],"replies":[{"embeddable":true,"href":"http:\/\/lopezdearenas.org\/inicio\/blog\/wp-json\/wp\/v2\/comments?post=17483"}],"version-history":[{"count":2,"href":"http:\/\/lopezdearenas.org\/inicio\/blog\/wp-json\/wp\/v2\/posts\/17483\/revisions"}],"predecessor-version":[{"id":17500,"href":"http:\/\/lopezdearenas.org\/inicio\/blog\/wp-json\/wp\/v2\/posts\/17483\/revisions\/17500"}],"wp:attachment":[{"href":"http:\/\/lopezdearenas.org\/inicio\/blog\/wp-json\/wp\/v2\/media?parent=17483"}],"wp:term":[{"taxonomy":"category","embeddable":true,"href":"http:\/\/lopezdearenas.org\/inicio\/blog\/wp-json\/wp\/v2\/categories?post=17483"},{"taxonomy":"post_tag","embeddable":true,"href":"http:\/\/lopezdearenas.org\/inicio\/blog\/wp-json\/wp\/v2\/tags?post=17483"}],"curies":[{"name":"wp","href":"https:\/\/api.w.org\/{rel}","templated":true}]}}