{"id":17467,"date":"2025-12-02T16:05:42","date_gmt":"2025-12-02T15:05:42","guid":{"rendered":"https:\/\/lopezdearenas.org\/inicio\/blog\/?p=17467"},"modified":"2025-12-02T16:06:38","modified_gmt":"2025-12-02T15:06:38","slug":"grbando-el-iesla-participa-en-el-proyecto-horizonte-empleo-de-fad-juventud","status":"publish","type":"post","link":"http:\/\/lopezdearenas.org\/inicio\/blog\/grbando-el-iesla-participa-en-el-proyecto-horizonte-empleo-de-fad-juventud\/","title":{"rendered":"GRABANDO: El IESLA participa en el Proyecto \u00abHorizonte Empleo\u00bb de FAD Juventud"},"content":{"rendered":"\n<p>!Hoy es un d\u00eda de acci\u00f3n en el IES L\u00f3pez de Arenas!<\/p>\n\n\n\n<p>En colaboraci\u00f3n con la Delegaci\u00f3n de Juventud del Ayuntamiento de Marchena esta semana continuamos en nuestro centro con el interesante proyecto Horizonte Empleo, una iniciativa organizada por FAD Juventud y coordinada directamente por la Delegaci\u00f3n de Juventud del Ayuntamiento de Marchena. Aunque el proyecto empez\u00f3 el 11\/11\/25, hoy estamos en plena grabaci\u00f3n con el alumnado de 1\u00ba y 2\u00ba de CFGB Servicios Administrativos.<\/p>\n\n\n\n<p>El proyecto tiene como objetivo principal formar en habilidades laborales a j\u00f3venes, especialmente de entornos rurales, para mejorar significativamente sus expectativas de futuro. Se realiza a trav\u00e9s de sesiones grupales e individuales enfocadas en:<\/p>\n\n\n\n<ul class=\"wp-block-list\">\n<li>Mejorar las expectativas laborales del alumnado.<\/li>\n\n\n\n<li>Fomentar el desarrollo personal.<\/li>\n\n\n\n<li>Fortalecer \u00e1reas vitales clave para su \u00e9xito profesional.<\/li>\n<\/ul>\n\n\n\n<p>Os dejamos con algunas im\u00e1genes de la actividad desarrollada. Y pr\u00f3ximamente m\u00e1s&#8230;<\/p>\n\n\n\n<figure class=\"wp-block-image size-large\"><img loading=\"lazy\" decoding=\"async\" width=\"1024\" height=\"768\" src=\"https:\/\/lopezdearenas.org\/inicio\/blog\/wp-content\/uploads\/2025\/12\/WhatsApp-Image-2025-12-02-at-13.39.26-1024x768.jpeg\" alt=\"\" class=\"wp-image-17469\" srcset=\"http:\/\/lopezdearenas.org\/inicio\/blog\/wp-content\/uploads\/2025\/12\/WhatsApp-Image-2025-12-02-at-13.39.26-1024x768.jpeg 1024w, http:\/\/lopezdearenas.org\/inicio\/blog\/wp-content\/uploads\/2025\/12\/WhatsApp-Image-2025-12-02-at-13.39.26-300x225.jpeg 300w, http:\/\/lopezdearenas.org\/inicio\/blog\/wp-content\/uploads\/2025\/12\/WhatsApp-Image-2025-12-02-at-13.39.26-768x576.jpeg 768w, http:\/\/lopezdearenas.org\/inicio\/blog\/wp-content\/uploads\/2025\/12\/WhatsApp-Image-2025-12-02-at-13.39.26-1536x1152.jpeg 1536w, http:\/\/lopezdearenas.org\/inicio\/blog\/wp-content\/uploads\/2025\/12\/WhatsApp-Image-2025-12-02-at-13.39.26-400x300.jpeg 400w, http:\/\/lopezdearenas.org\/inicio\/blog\/wp-content\/uploads\/2025\/12\/WhatsApp-Image-2025-12-02-at-13.39.26.jpeg 2048w\" sizes=\"auto, (max-width: 1024px) 100vw, 1024px\" \/><\/figure>\n\n\n\n<figure class=\"wp-block-image size-large\"><img loading=\"lazy\" decoding=\"async\" width=\"1024\" height=\"768\" src=\"https:\/\/lopezdearenas.org\/inicio\/blog\/wp-content\/uploads\/2025\/12\/WhatsApp-Image-2025-12-02-at-13.40.33-1024x768.jpeg\" alt=\"\" class=\"wp-image-17470\" srcset=\"http:\/\/lopezdearenas.org\/inicio\/blog\/wp-content\/uploads\/2025\/12\/WhatsApp-Image-2025-12-02-at-13.40.33-1024x768.jpeg 1024w, http:\/\/lopezdearenas.org\/inicio\/blog\/wp-content\/uploads\/2025\/12\/WhatsApp-Image-2025-12-02-at-13.40.33-300x225.jpeg 300w, http:\/\/lopezdearenas.org\/inicio\/blog\/wp-content\/uploads\/2025\/12\/WhatsApp-Image-2025-12-02-at-13.40.33-768x576.jpeg 768w, http:\/\/lopezdearenas.org\/inicio\/blog\/wp-content\/uploads\/2025\/12\/WhatsApp-Image-2025-12-02-at-13.40.33-1536x1152.jpeg 1536w, http:\/\/lopezdearenas.org\/inicio\/blog\/wp-content\/uploads\/2025\/12\/WhatsApp-Image-2025-12-02-at-13.40.33-400x300.jpeg 400w, http:\/\/lopezdearenas.org\/inicio\/blog\/wp-content\/uploads\/2025\/12\/WhatsApp-Image-2025-12-02-at-13.40.33.jpeg 1600w\" sizes=\"auto, (max-width: 1024px) 100vw, 1024px\" \/><\/figure>\n\n\n\n<figure class=\"wp-block-image size-large\"><img loading=\"lazy\" decoding=\"async\" width=\"768\" height=\"1024\" src=\"https:\/\/lopezdearenas.org\/inicio\/blog\/wp-content\/uploads\/2025\/12\/WhatsApp-Image-2025-12-02-at-13.34.52-768x1024.jpeg\" alt=\"\" class=\"wp-image-17471\" srcset=\"http:\/\/lopezdearenas.org\/inicio\/blog\/wp-content\/uploads\/2025\/12\/WhatsApp-Image-2025-12-02-at-13.34.52-768x1024.jpeg 768w, http:\/\/lopezdearenas.org\/inicio\/blog\/wp-content\/uploads\/2025\/12\/WhatsApp-Image-2025-12-02-at-13.34.52-225x300.jpeg 225w, http:\/\/lopezdearenas.org\/inicio\/blog\/wp-content\/uploads\/2025\/12\/WhatsApp-Image-2025-12-02-at-13.34.52-1152x1536.jpeg 1152w, http:\/\/lopezdearenas.org\/inicio\/blog\/wp-content\/uploads\/2025\/12\/WhatsApp-Image-2025-12-02-at-13.34.52.jpeg 1536w\" sizes=\"auto, (max-width: 768px) 100vw, 768px\" \/><\/figure>\n\n\n\n<figure class=\"wp-block-image size-large\"><img loading=\"lazy\" decoding=\"async\" width=\"768\" height=\"1024\" src=\"https:\/\/lopezdearenas.org\/inicio\/blog\/wp-content\/uploads\/2025\/12\/WhatsApp-Image-2025-12-02-at-13.34.51-768x1024.jpeg\" alt=\"\" class=\"wp-image-17472\" srcset=\"http:\/\/lopezdearenas.org\/inicio\/blog\/wp-content\/uploads\/2025\/12\/WhatsApp-Image-2025-12-02-at-13.34.51-768x1024.jpeg 768w, http:\/\/lopezdearenas.org\/inicio\/blog\/wp-content\/uploads\/2025\/12\/WhatsApp-Image-2025-12-02-at-13.34.51-225x300.jpeg 225w, http:\/\/lopezdearenas.org\/inicio\/blog\/wp-content\/uploads\/2025\/12\/WhatsApp-Image-2025-12-02-at-13.34.51-1152x1536.jpeg 1152w, http:\/\/lopezdearenas.org\/inicio\/blog\/wp-content\/uploads\/2025\/12\/WhatsApp-Image-2025-12-02-at-13.34.51.jpeg 1536w\" sizes=\"auto, (max-width: 768px) 100vw, 768px\" \/><\/figure>\n\n\n\n<figure class=\"wp-block-image size-large\"><img loading=\"lazy\" decoding=\"async\" width=\"1024\" height=\"768\" src=\"https:\/\/lopezdearenas.org\/inicio\/blog\/wp-content\/uploads\/2025\/12\/WhatsApp-Image-2025-12-02-at-13.34.49-1024x768.jpeg\" alt=\"\" class=\"wp-image-17475\" srcset=\"http:\/\/lopezdearenas.org\/inicio\/blog\/wp-content\/uploads\/2025\/12\/WhatsApp-Image-2025-12-02-at-13.34.49-1024x768.jpeg 1024w, http:\/\/lopezdearenas.org\/inicio\/blog\/wp-content\/uploads\/2025\/12\/WhatsApp-Image-2025-12-02-at-13.34.49-300x225.jpeg 300w, http:\/\/lopezdearenas.org\/inicio\/blog\/wp-content\/uploads\/2025\/12\/WhatsApp-Image-2025-12-02-at-13.34.49-768x576.jpeg 768w, http:\/\/lopezdearenas.org\/inicio\/blog\/wp-content\/uploads\/2025\/12\/WhatsApp-Image-2025-12-02-at-13.34.49-1536x1152.jpeg 1536w, http:\/\/lopezdearenas.org\/inicio\/blog\/wp-content\/uploads\/2025\/12\/WhatsApp-Image-2025-12-02-at-13.34.49-400x300.jpeg 400w, http:\/\/lopezdearenas.org\/inicio\/blog\/wp-content\/uploads\/2025\/12\/WhatsApp-Image-2025-12-02-at-13.34.49.jpeg 2048w\" sizes=\"auto, (max-width: 1024px) 100vw, 1024px\" \/><\/figure>\n","protected":false},"excerpt":{"rendered":"<p>!Hoy es un d\u00eda de acci\u00f3n en el IES L\u00f3pez de Arenas! En colaboraci\u00f3n con la Delegaci\u00f3n de Juventud del Ayuntamiento de Marchena esta semana continuamos en nuestro centro con el interesante proyecto Horizonte Empleo, una iniciativa organizada por FAD &hellip; <a href=\"http:\/\/lopezdearenas.org\/inicio\/blog\/grbando-el-iesla-participa-en-el-proyecto-horizonte-empleo-de-fad-juventud\/\">Sigue leyendo <span class=\"meta-nav\">&rarr;<\/span><\/a><\/p>\n","protected":false},"author":82,"featured_media":0,"comment_status":"closed","ping_status":"open","sticky":false,"template":"","format":"standard","meta":{"_jetpack_memberships_contains_paid_content":false,"footnotes":"","jetpack_publicize_message":"","jetpack_publicize_feature_enabled":true,"jetpack_social_post_already_shared":true,"jetpack_social_options":{"image_generator_settings":{"template":"highway","default_image_id":0,"enabled":false},"version":2}},"categories":[5],"tags":[174,250,262,45,263,186],"class_list":["post-17467","post","type-post","status-publish","format-standard","hentry","category-novedades","tag-alumnado","tag-ayuntamiento-de-marchena","tag-cfgb-servicios-administrativos","tag-ciclos-formativos","tag-fad","tag-fp"],"jetpack_publicize_connections":[],"jetpack_featured_media_url":"","jetpack_sharing_enabled":true,"_links":{"self":[{"href":"http:\/\/lopezdearenas.org\/inicio\/blog\/wp-json\/wp\/v2\/posts\/17467","targetHints":{"allow":["GET"]}}],"collection":[{"href":"http:\/\/lopezdearenas.org\/inicio\/blog\/wp-json\/wp\/v2\/posts"}],"about":[{"href":"http:\/\/lopezdearenas.org\/inicio\/blog\/wp-json\/wp\/v2\/types\/post"}],"author":[{"embeddable":true,"href":"http:\/\/lopezdearenas.org\/inicio\/blog\/wp-json\/wp\/v2\/users\/82"}],"replies":[{"embeddable":true,"href":"http:\/\/lopezdearenas.org\/inicio\/blog\/wp-json\/wp\/v2\/comments?post=17467"}],"version-history":[{"count":2,"href":"http:\/\/lopezdearenas.org\/inicio\/blog\/wp-json\/wp\/v2\/posts\/17467\/revisions"}],"predecessor-version":[{"id":17477,"href":"http:\/\/lopezdearenas.org\/inicio\/blog\/wp-json\/wp\/v2\/posts\/17467\/revisions\/17477"}],"wp:attachment":[{"href":"http:\/\/lopezdearenas.org\/inicio\/blog\/wp-json\/wp\/v2\/media?parent=17467"}],"wp:term":[{"taxonomy":"category","embeddable":true,"href":"http:\/\/lopezdearenas.org\/inicio\/blog\/wp-json\/wp\/v2\/categories?post=17467"},{"taxonomy":"post_tag","embeddable":true,"href":"http:\/\/lopezdearenas.org\/inicio\/blog\/wp-json\/wp\/v2\/tags?post=17467"}],"curies":[{"name":"wp","href":"https:\/\/api.w.org\/{rel}","templated":true}]}}