{"id":17410,"date":"2025-11-21T09:24:31","date_gmt":"2025-11-21T08:24:31","guid":{"rendered":"https:\/\/lopezdearenas.org\/inicio\/blog\/?p=17410"},"modified":"2025-11-25T09:25:08","modified_gmt":"2025-11-25T08:25:08","slug":"nuestro-alumnado-galardonado-en-los-premios-del-ayuntamiento-de-marchena","status":"publish","type":"post","link":"http:\/\/lopezdearenas.org\/inicio\/blog\/nuestro-alumnado-galardonado-en-los-premios-del-ayuntamiento-de-marchena\/","title":{"rendered":"Nuestro Alumnado Galardonado en los Premios del Ayuntamiento de Marchena"},"content":{"rendered":"\n<p>El IES L\u00f3pez de Arenas ha tenido una destacada participaci\u00f3n en la ceremonia de Entrega de Premios del Ayuntamiento de Marchena, dentro del II Certamen de dibujos con esl\u00f3ganes sobre el 25N (D\u00eda Internacional de la Eliminaci\u00f3n de la Violencia contra la Mujer).<\/p>\n\n\n\n<figure class=\"wp-block-image size-large\"><img loading=\"lazy\" decoding=\"async\" width=\"1024\" height=\"462\" src=\"https:\/\/lopezdearenas.org\/inicio\/blog\/wp-content\/uploads\/2025\/11\/IMG-20251124-WA0008-1024x462.jpg\" alt=\"\" class=\"wp-image-17411\" srcset=\"http:\/\/lopezdearenas.org\/inicio\/blog\/wp-content\/uploads\/2025\/11\/IMG-20251124-WA0008-1024x462.jpg 1024w, http:\/\/lopezdearenas.org\/inicio\/blog\/wp-content\/uploads\/2025\/11\/IMG-20251124-WA0008-300x135.jpg 300w, http:\/\/lopezdearenas.org\/inicio\/blog\/wp-content\/uploads\/2025\/11\/IMG-20251124-WA0008-768x346.jpg 768w, http:\/\/lopezdearenas.org\/inicio\/blog\/wp-content\/uploads\/2025\/11\/IMG-20251124-WA0008-1536x693.jpg 1536w, http:\/\/lopezdearenas.org\/inicio\/blog\/wp-content\/uploads\/2025\/11\/IMG-20251124-WA0008-500x225.jpg 500w, http:\/\/lopezdearenas.org\/inicio\/blog\/wp-content\/uploads\/2025\/11\/IMG-20251124-WA0008.jpg 2040w\" sizes=\"auto, (max-width: 1024px) 100vw, 1024px\" \/><\/figure>\n\n\n\n<p>Este evento, que subraya el compromiso de nuestros estudiantes con la sensibilizaci\u00f3n social, est\u00e1 estrechamente ligado a las actividades realizadas en el aula y forma parte de las acciones impulsadas en el marco del \u00abPacto de Estado contra la Violencia de G\u00e9nero\u00bb.<\/p>\n\n\n\n<p>El certamen cont\u00f3 con la participaci\u00f3n de todos los colegios e institutos de la localidad. Nuestro centro, en concreto, particip\u00f3 con cinco estudiantes finalistas, cuyo trabajo y dedicaci\u00f3n han sido reconocidos p\u00fablicamente:<\/p>\n\n\n\n<ul class=\"wp-block-list\">\n<li>Elena Duarte Fern\u00e1ndez<\/li>\n\n\n\n<li>Mar\u00eda del Mar Fr\u00edas Fern\u00e1ndez<\/li>\n\n\n\n<li>Nayara Su\u00e1rez<\/li>\n\n\n\n<li>Luc\u00eda Pulido Olmo<\/li>\n\n\n\n<li>Silvia Segovia Hidalgo<\/li>\n<\/ul>\n\n\n\n<figure class=\"wp-block-image size-large\"><img loading=\"lazy\" decoding=\"async\" width=\"1024\" height=\"485\" src=\"https:\/\/lopezdearenas.org\/inicio\/blog\/wp-content\/uploads\/2025\/11\/20251121_123926-1024x485.jpg\" alt=\"\" class=\"wp-image-17412\" srcset=\"http:\/\/lopezdearenas.org\/inicio\/blog\/wp-content\/uploads\/2025\/11\/20251121_123926-1024x485.jpg 1024w, http:\/\/lopezdearenas.org\/inicio\/blog\/wp-content\/uploads\/2025\/11\/20251121_123926-300x142.jpg 300w, http:\/\/lopezdearenas.org\/inicio\/blog\/wp-content\/uploads\/2025\/11\/20251121_123926-768x363.jpg 768w, http:\/\/lopezdearenas.org\/inicio\/blog\/wp-content\/uploads\/2025\/11\/20251121_123926-1536x727.jpg 1536w, http:\/\/lopezdearenas.org\/inicio\/blog\/wp-content\/uploads\/2025\/11\/20251121_123926-2048x969.jpg 2048w, http:\/\/lopezdearenas.org\/inicio\/blog\/wp-content\/uploads\/2025\/11\/20251121_123926-500x237.jpg 500w\" sizes=\"auto, (max-width: 1024px) 100vw, 1024px\" \/><\/figure>\n\n\n\n<figure class=\"wp-block-image size-large\"><img loading=\"lazy\" decoding=\"async\" width=\"1024\" height=\"485\" src=\"https:\/\/lopezdearenas.org\/inicio\/blog\/wp-content\/uploads\/2025\/11\/20251121_123856-1024x485.jpg\" alt=\"\" class=\"wp-image-17413\" srcset=\"http:\/\/lopezdearenas.org\/inicio\/blog\/wp-content\/uploads\/2025\/11\/20251121_123856-1024x485.jpg 1024w, http:\/\/lopezdearenas.org\/inicio\/blog\/wp-content\/uploads\/2025\/11\/20251121_123856-300x142.jpg 300w, http:\/\/lopezdearenas.org\/inicio\/blog\/wp-content\/uploads\/2025\/11\/20251121_123856-768x363.jpg 768w, http:\/\/lopezdearenas.org\/inicio\/blog\/wp-content\/uploads\/2025\/11\/20251121_123856-1536x727.jpg 1536w, http:\/\/lopezdearenas.org\/inicio\/blog\/wp-content\/uploads\/2025\/11\/20251121_123856-2048x969.jpg 2048w, http:\/\/lopezdearenas.org\/inicio\/blog\/wp-content\/uploads\/2025\/11\/20251121_123856-500x237.jpg 500w\" sizes=\"auto, (max-width: 1024px) 100vw, 1024px\" \/><\/figure>\n\n\n\n<figure class=\"wp-block-image size-large\"><img loading=\"lazy\" decoding=\"async\" width=\"1024\" height=\"485\" src=\"https:\/\/lopezdearenas.org\/inicio\/blog\/wp-content\/uploads\/2025\/11\/20251121_123937-1024x485.jpg\" alt=\"\" class=\"wp-image-17414\" srcset=\"http:\/\/lopezdearenas.org\/inicio\/blog\/wp-content\/uploads\/2025\/11\/20251121_123937-1024x485.jpg 1024w, http:\/\/lopezdearenas.org\/inicio\/blog\/wp-content\/uploads\/2025\/11\/20251121_123937-300x142.jpg 300w, http:\/\/lopezdearenas.org\/inicio\/blog\/wp-content\/uploads\/2025\/11\/20251121_123937-768x363.jpg 768w, http:\/\/lopezdearenas.org\/inicio\/blog\/wp-content\/uploads\/2025\/11\/20251121_123937-1536x727.jpg 1536w, http:\/\/lopezdearenas.org\/inicio\/blog\/wp-content\/uploads\/2025\/11\/20251121_123937-2048x969.jpg 2048w, http:\/\/lopezdearenas.org\/inicio\/blog\/wp-content\/uploads\/2025\/11\/20251121_123937-500x237.jpg 500w\" sizes=\"auto, (max-width: 1024px) 100vw, 1024px\" \/><\/figure>\n\n\n\n<figure class=\"wp-block-image size-large\"><img loading=\"lazy\" decoding=\"async\" width=\"1024\" height=\"485\" src=\"https:\/\/lopezdearenas.org\/inicio\/blog\/wp-content\/uploads\/2025\/11\/20251121_123913-1024x485.jpg\" alt=\"\" class=\"wp-image-17415\" srcset=\"http:\/\/lopezdearenas.org\/inicio\/blog\/wp-content\/uploads\/2025\/11\/20251121_123913-1024x485.jpg 1024w, http:\/\/lopezdearenas.org\/inicio\/blog\/wp-content\/uploads\/2025\/11\/20251121_123913-300x142.jpg 300w, http:\/\/lopezdearenas.org\/inicio\/blog\/wp-content\/uploads\/2025\/11\/20251121_123913-768x363.jpg 768w, http:\/\/lopezdearenas.org\/inicio\/blog\/wp-content\/uploads\/2025\/11\/20251121_123913-1536x727.jpg 1536w, http:\/\/lopezdearenas.org\/inicio\/blog\/wp-content\/uploads\/2025\/11\/20251121_123913-2048x969.jpg 2048w, http:\/\/lopezdearenas.org\/inicio\/blog\/wp-content\/uploads\/2025\/11\/20251121_123913-500x237.jpg 500w\" sizes=\"auto, (max-width: 1024px) 100vw, 1024px\" \/><\/figure>\n\n\n\n<p>Queremos destacar y felicitar especialmente a nuestra alumna Nayara Su\u00e1rez, quien result\u00f3 ser la ganadora del certamen.<\/p>\n\n\n\n<p>\u00a1Enhorabuena a todas nuestras finalistas por su talento, por su valiosa contribuci\u00f3n a la construcci\u00f3n de una sociedad m\u00e1s igualitaria y justa, y por representar el compromiso de nuestro IES con los valores del 25N!<\/p>\n","protected":false},"excerpt":{"rendered":"<p>El IES L\u00f3pez de Arenas ha tenido una destacada participaci\u00f3n en la ceremonia de Entrega de Premios del Ayuntamiento de Marchena, dentro del II Certamen de dibujos con esl\u00f3ganes sobre el 25N (D\u00eda Internacional de la Eliminaci\u00f3n de la Violencia &hellip; <a href=\"http:\/\/lopezdearenas.org\/inicio\/blog\/nuestro-alumnado-galardonado-en-los-premios-del-ayuntamiento-de-marchena\/\">Sigue leyendo <span class=\"meta-nav\">&rarr;<\/span><\/a><\/p>\n","protected":false},"author":82,"featured_media":0,"comment_status":"closed","ping_status":"open","sticky":false,"template":"","format":"standard","meta":{"_jetpack_memberships_contains_paid_content":false,"footnotes":"","jetpack_publicize_message":"","jetpack_publicize_feature_enabled":true,"jetpack_social_post_already_shared":true,"jetpack_social_options":{"image_generator_settings":{"template":"highway","default_image_id":0,"enabled":false},"version":2}},"categories":[5],"tags":[71,250,252,169,253],"class_list":["post-17410","post","type-post","status-publish","format-standard","hentry","category-novedades","tag-25n","tag-ayuntamiento-de-marchena","tag-pacto-contra-la-violencia-de-genero","tag-plan-de-igualdad","tag-premios"],"jetpack_publicize_connections":[],"jetpack_featured_media_url":"","jetpack_sharing_enabled":true,"_links":{"self":[{"href":"http:\/\/lopezdearenas.org\/inicio\/blog\/wp-json\/wp\/v2\/posts\/17410","targetHints":{"allow":["GET"]}}],"collection":[{"href":"http:\/\/lopezdearenas.org\/inicio\/blog\/wp-json\/wp\/v2\/posts"}],"about":[{"href":"http:\/\/lopezdearenas.org\/inicio\/blog\/wp-json\/wp\/v2\/types\/post"}],"author":[{"embeddable":true,"href":"http:\/\/lopezdearenas.org\/inicio\/blog\/wp-json\/wp\/v2\/users\/82"}],"replies":[{"embeddable":true,"href":"http:\/\/lopezdearenas.org\/inicio\/blog\/wp-json\/wp\/v2\/comments?post=17410"}],"version-history":[{"count":1,"href":"http:\/\/lopezdearenas.org\/inicio\/blog\/wp-json\/wp\/v2\/posts\/17410\/revisions"}],"predecessor-version":[{"id":17416,"href":"http:\/\/lopezdearenas.org\/inicio\/blog\/wp-json\/wp\/v2\/posts\/17410\/revisions\/17416"}],"wp:attachment":[{"href":"http:\/\/lopezdearenas.org\/inicio\/blog\/wp-json\/wp\/v2\/media?parent=17410"}],"wp:term":[{"taxonomy":"category","embeddable":true,"href":"http:\/\/lopezdearenas.org\/inicio\/blog\/wp-json\/wp\/v2\/categories?post=17410"},{"taxonomy":"post_tag","embeddable":true,"href":"http:\/\/lopezdearenas.org\/inicio\/blog\/wp-json\/wp\/v2\/tags?post=17410"}],"curies":[{"name":"wp","href":"https:\/\/api.w.org\/{rel}","templated":true}]}}