{"id":17365,"date":"2025-11-21T18:42:24","date_gmt":"2025-11-21T17:42:24","guid":{"rendered":"https:\/\/lopezdearenas.org\/inicio\/blog\/?p=17365"},"modified":"2025-11-21T18:43:27","modified_gmt":"2025-11-21T17:43:27","slug":"puesta-en-marcha-de-la-xvii-edicion-del-concurso-jovemprende","status":"publish","type":"post","link":"http:\/\/lopezdearenas.org\/inicio\/blog\/puesta-en-marcha-de-la-xvii-edicion-del-concurso-jovemprende\/","title":{"rendered":"PUESTA EN MARCHA DE LA XVII EDICI\u00d3N DEL CONCURSO JOVEMPRENDE"},"content":{"rendered":"\n<p>El IES L\u00f3pez de Arenas de Marchena, pone en marcha la XVII Edici\u00f3n del Concurso de Proyectos de Empresas JOVEMPRENDE. Este concurso tiene como objetivo fundamental la inserci\u00f3n laboral de los j\u00f3venes y de aquellos con riesgo de exclusi\u00f3n social, fomentando su autonom\u00eda laboral, a trav\u00e9s de la puesta en marcha de sus proyectos de empresas.<\/p>\n\n\n\n<figure class=\"wp-block-image size-large\"><img loading=\"lazy\" decoding=\"async\" width=\"1024\" height=\"768\" src=\"https:\/\/lopezdearenas.org\/inicio\/blog\/wp-content\/uploads\/2025\/11\/WhatsApp-Image-2025-11-21-at-12.19.05-1024x768.jpeg\" alt=\"\" class=\"wp-image-17366\" srcset=\"http:\/\/lopezdearenas.org\/inicio\/blog\/wp-content\/uploads\/2025\/11\/WhatsApp-Image-2025-11-21-at-12.19.05-1024x768.jpeg 1024w, http:\/\/lopezdearenas.org\/inicio\/blog\/wp-content\/uploads\/2025\/11\/WhatsApp-Image-2025-11-21-at-12.19.05-300x225.jpeg 300w, http:\/\/lopezdearenas.org\/inicio\/blog\/wp-content\/uploads\/2025\/11\/WhatsApp-Image-2025-11-21-at-12.19.05-768x576.jpeg 768w, http:\/\/lopezdearenas.org\/inicio\/blog\/wp-content\/uploads\/2025\/11\/WhatsApp-Image-2025-11-21-at-12.19.05-1536x1152.jpeg 1536w, http:\/\/lopezdearenas.org\/inicio\/blog\/wp-content\/uploads\/2025\/11\/WhatsApp-Image-2025-11-21-at-12.19.05-400x300.jpeg 400w, http:\/\/lopezdearenas.org\/inicio\/blog\/wp-content\/uploads\/2025\/11\/WhatsApp-Image-2025-11-21-at-12.19.05.jpeg 1600w\" sizes=\"auto, (max-width: 1024px) 100vw, 1024px\" \/><\/figure>\n\n\n\n<p>Adem\u00e1s, JOVEMPRENDE tiene como objetivos:<\/p>\n\n\n\n<ol class=\"wp-block-list\">\n<li>Fomentar la <em>excelencia<\/em> en la elaboraci\u00f3n de iniciativas de tipo empresarial.<\/li>\n<\/ol>\n\n\n\n<ul class=\"wp-block-list\">\n<li>Potenciar y galardonar la <em>idea <\/em>como base esencial y punto de partida en la elaboraci\u00f3n de un proyecto emprendedor de \u00e9xito.<\/li>\n<\/ul>\n\n\n\n<ul class=\"wp-block-list\">\n<li>Estimular el esp\u00edritu emprendedor desde la escuela.<\/li>\n<\/ul>\n\n\n\n<ul class=\"wp-block-list\">\n<li>Acercar el mundo educativo al de la creaci\u00f3n de empresas.<\/li>\n<\/ul>\n\n\n\n<ul class=\"wp-block-list\">\n<li>Premiar el sentido de la iniciativa, creatividad y el comportamiento emprendedor de los\/as alumnos\/as que estudian Ciclos Formativos, tanto de Grado Medio como Superior de la provincia de Sevilla, mediante la presentaci\u00f3n y desarrollo de un proyecto de empresa basado en una idea novedosa respecto a servicios, productos, procesos, sistemas o negocios.<\/li>\n<\/ul>\n\n\n\n<ul class=\"wp-block-list\">\n<li>Valorar el desarrollo de capacidades como la observaci\u00f3n, la iniciativa, la asunci\u00f3n de riesgos, la toma de decisiones y la resoluci\u00f3n de conflictos, as\u00ed como el trabajo en equipo.<\/li>\n<\/ul>\n\n\n\n<ul class=\"wp-block-list\">\n<li>Potenciar y valorar el trabajo compartido entre diferentes familias profesionales.<\/li>\n<\/ul>\n\n\n\n<figure class=\"wp-block-image size-large\"><img loading=\"lazy\" decoding=\"async\" width=\"1024\" height=\"768\" src=\"https:\/\/lopezdearenas.org\/inicio\/blog\/wp-content\/uploads\/2025\/11\/WhatsApp-Image-2025-11-21-at-12.19.04-1024x768.jpeg\" alt=\"\" class=\"wp-image-17367\" srcset=\"http:\/\/lopezdearenas.org\/inicio\/blog\/wp-content\/uploads\/2025\/11\/WhatsApp-Image-2025-11-21-at-12.19.04-1024x768.jpeg 1024w, http:\/\/lopezdearenas.org\/inicio\/blog\/wp-content\/uploads\/2025\/11\/WhatsApp-Image-2025-11-21-at-12.19.04-300x225.jpeg 300w, http:\/\/lopezdearenas.org\/inicio\/blog\/wp-content\/uploads\/2025\/11\/WhatsApp-Image-2025-11-21-at-12.19.04-768x576.jpeg 768w, http:\/\/lopezdearenas.org\/inicio\/blog\/wp-content\/uploads\/2025\/11\/WhatsApp-Image-2025-11-21-at-12.19.04-1536x1152.jpeg 1536w, http:\/\/lopezdearenas.org\/inicio\/blog\/wp-content\/uploads\/2025\/11\/WhatsApp-Image-2025-11-21-at-12.19.04-400x300.jpeg 400w, http:\/\/lopezdearenas.org\/inicio\/blog\/wp-content\/uploads\/2025\/11\/WhatsApp-Image-2025-11-21-at-12.19.04.jpeg 1600w\" sizes=\"auto, (max-width: 1024px) 100vw, 1024px\" \/><\/figure>\n\n\n\n<p>Podr\u00e1n presentar los proyectos de empresas los\/as alumnos\/as que estudian Ciclos Formativos, tanto de Grado Medio como Superior de la provincia de Sevilla, as\u00ed como de los centros educativos pertenecientes a la Red Andaluza de Aulas de Emprendimiento (RAAE).<\/p>\n\n\n\n<p>La fecha l\u00edmite de inscripci\u00f3n de los proyectos ser\u00e1 el 6 de Febrero del 2026, y los proyectos de empresa se presentar\u00e1n hasta las 20:00 horas del 12 de Marzo del 2026.<\/p>\n\n\n\n<p>Se otorgar\u00e1n tres premios a los mejores proyectos presentados de grado superior y tres premios a los mejores proyectos presentados de grado medio. Los premios consistir\u00e1n en una Tablet para los dos mejores proyectos de grado superior y el primero de grado medio. El Proyecto que ocupe la tercera posici\u00f3n de grado superior y el segundo y tercero de grado medio recibir\u00e1n un pen de recuerdo. Todos los\/as alumnos\/as finalistas recibir\u00e1n un diploma de participaci\u00f3n.<\/p>\n\n\n\n<p>La gran final se desarrollar\u00e1 en el Aula Ateca del IES L\u00f3pez de Arenas, el 12 de Junio del 2026.<\/p>\n\n\n\n<p><a href=\"https:\/\/drive.google.com\/file\/d\/1kFtkKzX8wOym9ks6kyA_HeCPW3DwFr5x\/view?usp=sharing\">https:\/\/drive.google.com\/file\/d\/1kFtkKzX8wOym9ks6kyA_HeCPW3DwFr5x\/view?usp=sharing<\/a><\/p>\n\n\n\n<p><a href=\"https:\/\/drive.google.com\/file\/d\/1s3fJjaajhWZjgVKU9KfCVTjiZg66gKVh\/view?usp=sharing\">https:\/\/drive.google.com\/file\/d\/1s3fJjaajhWZjgVKU9KfCVTjiZg66gKVh\/view?usp=sharing<\/a><\/p>\n\n\n\n<p><a href=\"https:\/\/docs.google.com\/document\/d\/13gEPxQAoVZazUwE9CUpJjKSWL9VdIxdy\/edit?usp=sharing&amp;ouid=101034391697049815528&amp;rtpof=true&amp;sd=true\">https:\/\/docs.google.com\/document\/d\/13gEPxQAoVZazUwE9CUpJjKSWL9VdIxdy\/edit?usp=sharing&amp;ouid=101034391697049815528&amp;rtpof=true&amp;sd=true<\/a><\/p>\n\n\n\n<p><\/p>\n","protected":false},"excerpt":{"rendered":"<p>El IES L\u00f3pez de Arenas de Marchena, pone en marcha la XVII Edici\u00f3n del Concurso de Proyectos de Empresas JOVEMPRENDE. Este concurso tiene como objetivo fundamental la inserci\u00f3n laboral de los j\u00f3venes y de aquellos con riesgo de exclusi\u00f3n social, &hellip; <a href=\"http:\/\/lopezdearenas.org\/inicio\/blog\/puesta-en-marcha-de-la-xvii-edicion-del-concurso-jovemprende\/\">Sigue leyendo <span class=\"meta-nav\">&rarr;<\/span><\/a><\/p>\n","protected":false},"author":82,"featured_media":0,"comment_status":"closed","ping_status":"open","sticky":false,"template":"","format":"standard","meta":{"_jetpack_memberships_contains_paid_content":false,"footnotes":"","jetpack_publicize_message":"","jetpack_publicize_feature_enabled":true,"jetpack_social_post_already_shared":true,"jetpack_social_options":{"image_generator_settings":{"template":"highway","default_image_id":0,"enabled":false},"version":2}},"categories":[5],"tags":[45,23],"class_list":["post-17365","post","type-post","status-publish","format-standard","hentry","category-novedades","tag-ciclos-formativos","tag-jovemprende"],"jetpack_publicize_connections":[],"jetpack_featured_media_url":"","jetpack_sharing_enabled":true,"_links":{"self":[{"href":"http:\/\/lopezdearenas.org\/inicio\/blog\/wp-json\/wp\/v2\/posts\/17365","targetHints":{"allow":["GET"]}}],"collection":[{"href":"http:\/\/lopezdearenas.org\/inicio\/blog\/wp-json\/wp\/v2\/posts"}],"about":[{"href":"http:\/\/lopezdearenas.org\/inicio\/blog\/wp-json\/wp\/v2\/types\/post"}],"author":[{"embeddable":true,"href":"http:\/\/lopezdearenas.org\/inicio\/blog\/wp-json\/wp\/v2\/users\/82"}],"replies":[{"embeddable":true,"href":"http:\/\/lopezdearenas.org\/inicio\/blog\/wp-json\/wp\/v2\/comments?post=17365"}],"version-history":[{"count":1,"href":"http:\/\/lopezdearenas.org\/inicio\/blog\/wp-json\/wp\/v2\/posts\/17365\/revisions"}],"predecessor-version":[{"id":17368,"href":"http:\/\/lopezdearenas.org\/inicio\/blog\/wp-json\/wp\/v2\/posts\/17365\/revisions\/17368"}],"wp:attachment":[{"href":"http:\/\/lopezdearenas.org\/inicio\/blog\/wp-json\/wp\/v2\/media?parent=17365"}],"wp:term":[{"taxonomy":"category","embeddable":true,"href":"http:\/\/lopezdearenas.org\/inicio\/blog\/wp-json\/wp\/v2\/categories?post=17365"},{"taxonomy":"post_tag","embeddable":true,"href":"http:\/\/lopezdearenas.org\/inicio\/blog\/wp-json\/wp\/v2\/tags?post=17365"}],"curies":[{"name":"wp","href":"https:\/\/api.w.org\/{rel}","templated":true}]}}