{"id":17329,"date":"2025-11-17T22:51:11","date_gmt":"2025-11-17T21:51:11","guid":{"rendered":"https:\/\/lopezdearenas.org\/inicio\/blog\/?p=17329"},"modified":"2025-11-17T22:51:52","modified_gmt":"2025-11-17T21:51:52","slug":"celebramos-el-dia-internacional-del-flamenco-con-arte-y-compas","status":"publish","type":"post","link":"http:\/\/lopezdearenas.org\/inicio\/blog\/celebramos-el-dia-internacional-del-flamenco-con-arte-y-compas\/","title":{"rendered":"\u00a1Celebramos el D\u00eda Internacional del Flamenco con Arte y Comp\u00e1s!"},"content":{"rendered":"\n<p>En el IES L\u00f3pez de Arenas, hemos celebrado hoy el <strong>D\u00eda Internacional del Flamenco<\/strong> con una actividad cultural. Hemos contado con la visita de <strong>Carmen Arr\u00e1s<\/strong>, de la asociaci\u00f3n <strong>Arte y Comp\u00e1s<\/strong>, quien ha guiado a nuestro alumnado a trav\u00e9s de los ritmos y expresiones fundamentales de este arte declarado Patrimonio Cultural Inmaterial de la Humanidad.<\/p>\n\n\n\n<p>Durante la actividad, los participantes han aprendido y disfrutado de:<\/p>\n\n\n\n<ul class=\"wp-block-list\">\n<li><strong>El Comp\u00e1s:<\/strong> Carmen Arr\u00e1s nos ense\u00f1\u00f3 a marcar el tiempo de <strong>3 por 4<\/strong>, esencial en palos flamencos tan populares como la buler\u00eda y las sevillanas.<\/li>\n\n\n\n<li><strong>El Cante:<\/strong> Tuvimos una lecci\u00f3n pr\u00e1ctica en la que nos ense\u00f1\u00f3 a cantar un fragmento de un <strong>fandango de Huelva<\/strong>.<\/li>\n\n\n\n<li><strong>El Baile:<\/strong> Los estudiantes aprendieron a bailar parte de una buler\u00eda, lo que se conoce popularmente como una <strong>\u00abpata\u00edta\u00bb<\/strong>.<\/li>\n\n\n\n<li><strong>Concienciaci\u00f3n:<\/strong> Se destac\u00f3 la <strong>importancia de cuidar y promover el flamenco<\/strong> como parte de nuestra herencia cultural.<\/li>\n<\/ul>\n\n\n\n<p>Cerramos la clase con una animada sesi\u00f3n en la que todos los asistentes participaron <strong>bailando sevillanas<\/strong>, poniendo en pr\u00e1ctica lo aprendido y celebrando la riqueza de nuestra tradici\u00f3n.<\/p>\n\n\n\n<p>Y desde aqu\u00ed agradecemos la colaboraci\u00f3n de Carmen Arr\u00e1s en esta iniciativa con los Planes Culturales del centro. <\/p>\n\n\n\n<figure class=\"wp-block-image size-large\"><img loading=\"lazy\" decoding=\"async\" width=\"1024\" height=\"768\" src=\"https:\/\/lopezdearenas.org\/inicio\/blog\/wp-content\/uploads\/2025\/11\/IMG_9081-1024x768.jpg\" alt=\"\" class=\"wp-image-17332\" srcset=\"http:\/\/lopezdearenas.org\/inicio\/blog\/wp-content\/uploads\/2025\/11\/IMG_9081-1024x768.jpg 1024w, http:\/\/lopezdearenas.org\/inicio\/blog\/wp-content\/uploads\/2025\/11\/IMG_9081-300x225.jpg 300w, http:\/\/lopezdearenas.org\/inicio\/blog\/wp-content\/uploads\/2025\/11\/IMG_9081-768x576.jpg 768w, http:\/\/lopezdearenas.org\/inicio\/blog\/wp-content\/uploads\/2025\/11\/IMG_9081-1536x1152.jpg 1536w, http:\/\/lopezdearenas.org\/inicio\/blog\/wp-content\/uploads\/2025\/11\/IMG_9081-2048x1536.jpg 2048w, http:\/\/lopezdearenas.org\/inicio\/blog\/wp-content\/uploads\/2025\/11\/IMG_9081-400x300.jpg 400w\" sizes=\"auto, (max-width: 1024px) 100vw, 1024px\" \/><\/figure>\n\n\n\n<figure class=\"wp-block-image size-large\"><img loading=\"lazy\" decoding=\"async\" width=\"1024\" height=\"768\" src=\"https:\/\/lopezdearenas.org\/inicio\/blog\/wp-content\/uploads\/2025\/11\/IMG_9079-1-1024x768.jpg\" alt=\"\" class=\"wp-image-17331\" srcset=\"http:\/\/lopezdearenas.org\/inicio\/blog\/wp-content\/uploads\/2025\/11\/IMG_9079-1-1024x768.jpg 1024w, http:\/\/lopezdearenas.org\/inicio\/blog\/wp-content\/uploads\/2025\/11\/IMG_9079-1-300x225.jpg 300w, http:\/\/lopezdearenas.org\/inicio\/blog\/wp-content\/uploads\/2025\/11\/IMG_9079-1-768x576.jpg 768w, http:\/\/lopezdearenas.org\/inicio\/blog\/wp-content\/uploads\/2025\/11\/IMG_9079-1-1536x1152.jpg 1536w, http:\/\/lopezdearenas.org\/inicio\/blog\/wp-content\/uploads\/2025\/11\/IMG_9079-1-2048x1536.jpg 2048w, http:\/\/lopezdearenas.org\/inicio\/blog\/wp-content\/uploads\/2025\/11\/IMG_9079-1-400x300.jpg 400w\" sizes=\"auto, (max-width: 1024px) 100vw, 1024px\" \/><\/figure>\n","protected":false},"excerpt":{"rendered":"<p>En el IES L\u00f3pez de Arenas, hemos celebrado hoy el D\u00eda Internacional del Flamenco con una actividad cultural. Hemos contado con la visita de Carmen Arr\u00e1s, de la asociaci\u00f3n Arte y Comp\u00e1s, quien ha guiado a nuestro alumnado a trav\u00e9s &hellip; <a href=\"http:\/\/lopezdearenas.org\/inicio\/blog\/celebramos-el-dia-internacional-del-flamenco-con-arte-y-compas\/\">Sigue leyendo <span class=\"meta-nav\">&rarr;<\/span><\/a><\/p>\n","protected":false},"author":82,"featured_media":0,"comment_status":"closed","ping_status":"open","sticky":false,"template":"","format":"standard","meta":{"_jetpack_memberships_contains_paid_content":false,"footnotes":"","jetpack_publicize_message":"","jetpack_publicize_feature_enabled":true,"jetpack_social_post_already_shared":true,"jetpack_social_options":{"image_generator_settings":{"template":"highway","default_image_id":0,"enabled":false},"version":2}},"categories":[5],"tags":[239,238,216,66,237],"class_list":["post-17329","post","type-post","status-publish","format-standard","hentry","category-novedades","tag-arte-y-compas","tag-dia-internacional-del-flamenco","tag-efemerides","tag-flamenco","tag-programas-culturales"],"jetpack_publicize_connections":[],"jetpack_featured_media_url":"","jetpack_sharing_enabled":true,"_links":{"self":[{"href":"http:\/\/lopezdearenas.org\/inicio\/blog\/wp-json\/wp\/v2\/posts\/17329","targetHints":{"allow":["GET"]}}],"collection":[{"href":"http:\/\/lopezdearenas.org\/inicio\/blog\/wp-json\/wp\/v2\/posts"}],"about":[{"href":"http:\/\/lopezdearenas.org\/inicio\/blog\/wp-json\/wp\/v2\/types\/post"}],"author":[{"embeddable":true,"href":"http:\/\/lopezdearenas.org\/inicio\/blog\/wp-json\/wp\/v2\/users\/82"}],"replies":[{"embeddable":true,"href":"http:\/\/lopezdearenas.org\/inicio\/blog\/wp-json\/wp\/v2\/comments?post=17329"}],"version-history":[{"count":1,"href":"http:\/\/lopezdearenas.org\/inicio\/blog\/wp-json\/wp\/v2\/posts\/17329\/revisions"}],"predecessor-version":[{"id":17333,"href":"http:\/\/lopezdearenas.org\/inicio\/blog\/wp-json\/wp\/v2\/posts\/17329\/revisions\/17333"}],"wp:attachment":[{"href":"http:\/\/lopezdearenas.org\/inicio\/blog\/wp-json\/wp\/v2\/media?parent=17329"}],"wp:term":[{"taxonomy":"category","embeddable":true,"href":"http:\/\/lopezdearenas.org\/inicio\/blog\/wp-json\/wp\/v2\/categories?post=17329"},{"taxonomy":"post_tag","embeddable":true,"href":"http:\/\/lopezdearenas.org\/inicio\/blog\/wp-json\/wp\/v2\/tags?post=17329"}],"curies":[{"name":"wp","href":"https:\/\/api.w.org\/{rel}","templated":true}]}}