{"id":17323,"date":"2025-11-15T18:35:45","date_gmt":"2025-11-15T17:35:45","guid":{"rendered":"https:\/\/lopezdearenas.org\/inicio\/blog\/?p=17323"},"modified":"2025-11-15T18:36:31","modified_gmt":"2025-11-15T17:36:31","slug":"el-alumnado-de-1o-de-bachillerato-participa-en-cafe-con-ciencias-en-la-universidad-pablo-de-olavide","status":"publish","type":"post","link":"http:\/\/lopezdearenas.org\/inicio\/blog\/el-alumnado-de-1o-de-bachillerato-participa-en-cafe-con-ciencias-en-la-universidad-pablo-de-olavide\/","title":{"rendered":"El alumnado de 1\u00ba de Bachillerato participa en \u201cCaf\u00e9 con Ciencias\u201d en la Universidad Pablo de Olavide"},"content":{"rendered":"\n<p>El pasado 12 de noviembre, el alumnado de 1\u00ba de Bachillerato del IES L\u00f3pez de Arenas tuvo la oportunidad de visitar la Universidad Pablo de Olavide para participar en la actividad divulgativa \u201cCaf\u00e9 con Ciencias\u201d, una jornada dise\u00f1ada para acercar la ciencia a los estudiantes de secundaria y bachillerato.<\/p>\n\n\n\n<figure class=\"wp-block-image size-large\"><img loading=\"lazy\" decoding=\"async\" width=\"1024\" height=\"768\" src=\"https:\/\/lopezdearenas.org\/inicio\/blog\/wp-content\/uploads\/2025\/11\/WhatsApp-Image-2025-11-15-at-17.26.53-1024x768.jpeg\" alt=\"\" class=\"wp-image-17326\" srcset=\"http:\/\/lopezdearenas.org\/inicio\/blog\/wp-content\/uploads\/2025\/11\/WhatsApp-Image-2025-11-15-at-17.26.53-1024x768.jpeg 1024w, http:\/\/lopezdearenas.org\/inicio\/blog\/wp-content\/uploads\/2025\/11\/WhatsApp-Image-2025-11-15-at-17.26.53-300x225.jpeg 300w, http:\/\/lopezdearenas.org\/inicio\/blog\/wp-content\/uploads\/2025\/11\/WhatsApp-Image-2025-11-15-at-17.26.53-768x576.jpeg 768w, http:\/\/lopezdearenas.org\/inicio\/blog\/wp-content\/uploads\/2025\/11\/WhatsApp-Image-2025-11-15-at-17.26.53-1536x1152.jpeg 1536w, http:\/\/lopezdearenas.org\/inicio\/blog\/wp-content\/uploads\/2025\/11\/WhatsApp-Image-2025-11-15-at-17.26.53-400x300.jpeg 400w, http:\/\/lopezdearenas.org\/inicio\/blog\/wp-content\/uploads\/2025\/11\/WhatsApp-Image-2025-11-15-at-17.26.53.jpeg 1600w\" sizes=\"auto, (max-width: 1024px) 100vw, 1024px\" \/><\/figure>\n\n\n\n<p>Durante la actividad, nuestros estudiantes asistieron a dos charlas muy interesantes. La primera, titulada \u201cEl lenguaje de la IA: c\u00f3mo habla la IA y c\u00f3mo hablar con ella\u201d, permiti\u00f3 conocer de forma sencilla y pr\u00e1ctica c\u00f3mo funciona la inteligencia artificial y c\u00f3mo nos comunicamos con estos sistemas.<\/p>\n\n\n\n<p><br>La segunda charla, \u201cC\u00f3mo defendernos de los hongos que atacan nuestros cultivos. Nuevas levaduras para mejorar los vinos y las cervezas\u201d, introdujo al alumnado en el campo de la biotecnolog\u00eda aplicada a la agricultura y a los procesos de fermentaci\u00f3n.<\/p>\n\n\n\n<figure class=\"wp-block-image size-large\"><img loading=\"lazy\" decoding=\"async\" width=\"1024\" height=\"768\" src=\"https:\/\/lopezdearenas.org\/inicio\/blog\/wp-content\/uploads\/2025\/11\/WhatsApp-Image-2025-11-15-at-17.26.55-1-1024x768.jpeg\" alt=\"\" class=\"wp-image-17325\" srcset=\"http:\/\/lopezdearenas.org\/inicio\/blog\/wp-content\/uploads\/2025\/11\/WhatsApp-Image-2025-11-15-at-17.26.55-1-1024x768.jpeg 1024w, http:\/\/lopezdearenas.org\/inicio\/blog\/wp-content\/uploads\/2025\/11\/WhatsApp-Image-2025-11-15-at-17.26.55-1-300x225.jpeg 300w, http:\/\/lopezdearenas.org\/inicio\/blog\/wp-content\/uploads\/2025\/11\/WhatsApp-Image-2025-11-15-at-17.26.55-1-768x576.jpeg 768w, http:\/\/lopezdearenas.org\/inicio\/blog\/wp-content\/uploads\/2025\/11\/WhatsApp-Image-2025-11-15-at-17.26.55-1-1536x1152.jpeg 1536w, http:\/\/lopezdearenas.org\/inicio\/blog\/wp-content\/uploads\/2025\/11\/WhatsApp-Image-2025-11-15-at-17.26.55-1-400x300.jpeg 400w, http:\/\/lopezdearenas.org\/inicio\/blog\/wp-content\/uploads\/2025\/11\/WhatsApp-Image-2025-11-15-at-17.26.55-1.jpeg 1600w\" sizes=\"auto, (max-width: 1024px) 100vw, 1024px\" \/><\/figure>\n\n\n\n<p>Para completar la jornada, el grupo realiz\u00f3 una visita guiada a las instalaciones de la UPO, donde pudieron conocer sus espacios de investigaci\u00f3n, laboratorios y \u00e1reas de estudio. Esta experiencia permiti\u00f3 al alumnado acercarse al entorno universitario y descubrir posibles itinerarios acad\u00e9micos para su futuro.<\/p>\n","protected":false},"excerpt":{"rendered":"<p>El pasado 12 de noviembre, el alumnado de 1\u00ba de Bachillerato del IES L\u00f3pez de Arenas tuvo la oportunidad de visitar la Universidad Pablo de Olavide para participar en la actividad divulgativa \u201cCaf\u00e9 con Ciencias\u201d, una jornada dise\u00f1ada para acercar &hellip; <a href=\"http:\/\/lopezdearenas.org\/inicio\/blog\/el-alumnado-de-1o-de-bachillerato-participa-en-cafe-con-ciencias-en-la-universidad-pablo-de-olavide\/\">Sigue leyendo <span class=\"meta-nav\">&rarr;<\/span><\/a><\/p>\n","protected":false},"author":82,"featured_media":0,"comment_status":"closed","ping_status":"open","sticky":false,"template":"","format":"standard","meta":{"_jetpack_memberships_contains_paid_content":false,"footnotes":"","jetpack_publicize_message":"","jetpack_publicize_feature_enabled":true,"jetpack_social_post_already_shared":true,"jetpack_social_options":{"image_generator_settings":{"template":"highway","default_image_id":0,"enabled":false},"version":2}},"categories":[5],"tags":[234,235,212,52,38,236],"class_list":["post-17323","post","type-post","status-publish","format-standard","hentry","category-novedades","tag-biologia","tag-cafe-con-ciencia","tag-departamento-matematicas","tag-matematicas","tag-universidad","tag-upo"],"jetpack_publicize_connections":[],"jetpack_featured_media_url":"","jetpack_sharing_enabled":true,"_links":{"self":[{"href":"http:\/\/lopezdearenas.org\/inicio\/blog\/wp-json\/wp\/v2\/posts\/17323","targetHints":{"allow":["GET"]}}],"collection":[{"href":"http:\/\/lopezdearenas.org\/inicio\/blog\/wp-json\/wp\/v2\/posts"}],"about":[{"href":"http:\/\/lopezdearenas.org\/inicio\/blog\/wp-json\/wp\/v2\/types\/post"}],"author":[{"embeddable":true,"href":"http:\/\/lopezdearenas.org\/inicio\/blog\/wp-json\/wp\/v2\/users\/82"}],"replies":[{"embeddable":true,"href":"http:\/\/lopezdearenas.org\/inicio\/blog\/wp-json\/wp\/v2\/comments?post=17323"}],"version-history":[{"count":1,"href":"http:\/\/lopezdearenas.org\/inicio\/blog\/wp-json\/wp\/v2\/posts\/17323\/revisions"}],"predecessor-version":[{"id":17327,"href":"http:\/\/lopezdearenas.org\/inicio\/blog\/wp-json\/wp\/v2\/posts\/17323\/revisions\/17327"}],"wp:attachment":[{"href":"http:\/\/lopezdearenas.org\/inicio\/blog\/wp-json\/wp\/v2\/media?parent=17323"}],"wp:term":[{"taxonomy":"category","embeddable":true,"href":"http:\/\/lopezdearenas.org\/inicio\/blog\/wp-json\/wp\/v2\/categories?post=17323"},{"taxonomy":"post_tag","embeddable":true,"href":"http:\/\/lopezdearenas.org\/inicio\/blog\/wp-json\/wp\/v2\/tags?post=17323"}],"curies":[{"name":"wp","href":"https:\/\/api.w.org\/{rel}","templated":true}]}}