{"id":17290,"date":"2025-11-07T19:27:44","date_gmt":"2025-11-07T18:27:44","guid":{"rendered":"https:\/\/lopezdearenas.org\/inicio\/blog\/?p=17290"},"modified":"2025-11-07T19:28:12","modified_gmt":"2025-11-07T18:28:12","slug":"vencuentro-de-emprendedores-as-en-el-ies-lopez-de-arenas-de-marchena","status":"publish","type":"post","link":"http:\/\/lopezdearenas.org\/inicio\/blog\/vencuentro-de-emprendedores-as-en-el-ies-lopez-de-arenas-de-marchena\/","title":{"rendered":"VENCUENTRO DE EMPRENDEDORES\/AS EN EL IES L\u00d3PEZ DE ARENAS\u00a0 DE MARCHENA"},"content":{"rendered":"\n<figure class=\"wp-block-image size-large\"><img loading=\"lazy\" decoding=\"async\" width=\"1024\" height=\"683\" src=\"https:\/\/lopezdearenas.org\/inicio\/blog\/wp-content\/uploads\/2025\/11\/WhatsApp-Image-2025-11-07-at-15.37.35-1024x683.jpeg\" alt=\"\" class=\"wp-image-17291\" srcset=\"http:\/\/lopezdearenas.org\/inicio\/blog\/wp-content\/uploads\/2025\/11\/WhatsApp-Image-2025-11-07-at-15.37.35-1024x683.jpeg 1024w, http:\/\/lopezdearenas.org\/inicio\/blog\/wp-content\/uploads\/2025\/11\/WhatsApp-Image-2025-11-07-at-15.37.35-300x200.jpeg 300w, http:\/\/lopezdearenas.org\/inicio\/blog\/wp-content\/uploads\/2025\/11\/WhatsApp-Image-2025-11-07-at-15.37.35-768x512.jpeg 768w, http:\/\/lopezdearenas.org\/inicio\/blog\/wp-content\/uploads\/2025\/11\/WhatsApp-Image-2025-11-07-at-15.37.35-1536x1024.jpeg 1536w, http:\/\/lopezdearenas.org\/inicio\/blog\/wp-content\/uploads\/2025\/11\/WhatsApp-Image-2025-11-07-at-15.37.35-450x300.jpeg 450w, http:\/\/lopezdearenas.org\/inicio\/blog\/wp-content\/uploads\/2025\/11\/WhatsApp-Image-2025-11-07-at-15.37.35.jpeg 1600w\" sizes=\"auto, (max-width: 1024px) 100vw, 1024px\" \/><\/figure>\n\n\n\n<p>El IES L\u00f3pez de Arenas celebr\u00f3 ayer, 6 de noviembre, el Encuentro de Emprendedores, una jornada dedicada a impulsar el talento, la innovaci\u00f3n y la creatividad de antiguos alumnos, en el marco del 50 aniversario de la Formaci\u00f3n Profesional y el 25 aniversario del Bachillerato.<\/p>\n\n\n\n<p>El evento tuvo una gran acogida. Distintas personas relevantes del tejido empresarial marchenero compartieron sus experiencias, demostrando que el emprendimiento nace desde las aulas del L\u00f3pez de Arenas.<\/p>\n\n\n\n<figure class=\"wp-block-image size-large\"><img loading=\"lazy\" decoding=\"async\" width=\"1024\" height=\"683\" src=\"https:\/\/lopezdearenas.org\/inicio\/blog\/wp-content\/uploads\/2025\/11\/WhatsApp-Image-2025-11-07-at-15.37.34-1024x683.jpeg\" alt=\"\" class=\"wp-image-17292\" srcset=\"http:\/\/lopezdearenas.org\/inicio\/blog\/wp-content\/uploads\/2025\/11\/WhatsApp-Image-2025-11-07-at-15.37.34-1024x683.jpeg 1024w, http:\/\/lopezdearenas.org\/inicio\/blog\/wp-content\/uploads\/2025\/11\/WhatsApp-Image-2025-11-07-at-15.37.34-300x200.jpeg 300w, http:\/\/lopezdearenas.org\/inicio\/blog\/wp-content\/uploads\/2025\/11\/WhatsApp-Image-2025-11-07-at-15.37.34-768x512.jpeg 768w, http:\/\/lopezdearenas.org\/inicio\/blog\/wp-content\/uploads\/2025\/11\/WhatsApp-Image-2025-11-07-at-15.37.34-1536x1024.jpeg 1536w, http:\/\/lopezdearenas.org\/inicio\/blog\/wp-content\/uploads\/2025\/11\/WhatsApp-Image-2025-11-07-at-15.37.34-450x300.jpeg 450w, http:\/\/lopezdearenas.org\/inicio\/blog\/wp-content\/uploads\/2025\/11\/WhatsApp-Image-2025-11-07-at-15.37.34.jpeg 1600w\" sizes=\"auto, (max-width: 1024px) 100vw, 1024px\" \/><\/figure>\n\n\n\n<p>El Profesor Juan A. Zambrano, en su intervenci\u00f3n, destac\u00f3 el honor de estar en este encuentro, rodeado de personas que han dejado huella y son parte de la historia viva del centro. Se\u00f1al\u00f3 que el IES no es solo un edificio, sino un \u00absemillero de ideas y un motor de cambio\u00bb, y record\u00f3 el Reconocimiento como Instituto Emprendedor del A\u00f1o recibido por la Junta de Andaluc\u00eda en 2021.<\/p>\n\n\n\n<p>Como ejemplo del esp\u00edritu emprendedor, se mencion\u00f3 la primera promoci\u00f3n de electr\u00f3nica, de la que surgi\u00f3 Macelca S.Coop. And., pionera y galardonada con el Premio Arco Iris en 1991.<\/p>\n\n\n\n<figure class=\"wp-block-gallery has-nested-images columns-default is-cropped wp-block-gallery-1 is-layout-flex wp-block-gallery-is-layout-flex\">\n<figure class=\"wp-block-image size-large\"><img loading=\"lazy\" decoding=\"async\" width=\"1024\" height=\"683\" data-id=\"17293\" src=\"https:\/\/lopezdearenas.org\/inicio\/blog\/wp-content\/uploads\/2025\/11\/WhatsApp-Image-2025-11-07-at-15.37.35-1-1024x683.jpeg\" alt=\"\" class=\"wp-image-17293\" srcset=\"http:\/\/lopezdearenas.org\/inicio\/blog\/wp-content\/uploads\/2025\/11\/WhatsApp-Image-2025-11-07-at-15.37.35-1-1024x683.jpeg 1024w, http:\/\/lopezdearenas.org\/inicio\/blog\/wp-content\/uploads\/2025\/11\/WhatsApp-Image-2025-11-07-at-15.37.35-1-300x200.jpeg 300w, http:\/\/lopezdearenas.org\/inicio\/blog\/wp-content\/uploads\/2025\/11\/WhatsApp-Image-2025-11-07-at-15.37.35-1-768x512.jpeg 768w, http:\/\/lopezdearenas.org\/inicio\/blog\/wp-content\/uploads\/2025\/11\/WhatsApp-Image-2025-11-07-at-15.37.35-1-1536x1024.jpeg 1536w, http:\/\/lopezdearenas.org\/inicio\/blog\/wp-content\/uploads\/2025\/11\/WhatsApp-Image-2025-11-07-at-15.37.35-1-450x300.jpeg 450w, http:\/\/lopezdearenas.org\/inicio\/blog\/wp-content\/uploads\/2025\/11\/WhatsApp-Image-2025-11-07-at-15.37.35-1.jpeg 1600w\" sizes=\"auto, (max-width: 1024px) 100vw, 1024px\" \/><\/figure>\n\n\n\n<figure class=\"wp-block-image size-large\"><img loading=\"lazy\" decoding=\"async\" width=\"1024\" height=\"683\" data-id=\"17297\" src=\"https:\/\/lopezdearenas.org\/inicio\/blog\/wp-content\/uploads\/2025\/11\/WhatsApp-Image-2025-11-07-at-15.37.35-2-1-1024x683.jpeg\" alt=\"\" class=\"wp-image-17297\" srcset=\"http:\/\/lopezdearenas.org\/inicio\/blog\/wp-content\/uploads\/2025\/11\/WhatsApp-Image-2025-11-07-at-15.37.35-2-1-1024x683.jpeg 1024w, http:\/\/lopezdearenas.org\/inicio\/blog\/wp-content\/uploads\/2025\/11\/WhatsApp-Image-2025-11-07-at-15.37.35-2-1-300x200.jpeg 300w, http:\/\/lopezdearenas.org\/inicio\/blog\/wp-content\/uploads\/2025\/11\/WhatsApp-Image-2025-11-07-at-15.37.35-2-1-768x512.jpeg 768w, http:\/\/lopezdearenas.org\/inicio\/blog\/wp-content\/uploads\/2025\/11\/WhatsApp-Image-2025-11-07-at-15.37.35-2-1-1536x1024.jpeg 1536w, http:\/\/lopezdearenas.org\/inicio\/blog\/wp-content\/uploads\/2025\/11\/WhatsApp-Image-2025-11-07-at-15.37.35-2-1-450x300.jpeg 450w, http:\/\/lopezdearenas.org\/inicio\/blog\/wp-content\/uploads\/2025\/11\/WhatsApp-Image-2025-11-07-at-15.37.35-2-1.jpeg 1600w\" sizes=\"auto, (max-width: 1024px) 100vw, 1024px\" \/><\/figure>\n\n\n\n<figure class=\"wp-block-image size-large\"><img loading=\"lazy\" decoding=\"async\" width=\"1024\" height=\"683\" data-id=\"17294\" src=\"https:\/\/lopezdearenas.org\/inicio\/blog\/wp-content\/uploads\/2025\/11\/WhatsApp-Image-2025-11-07-at-15.37.36-1-1024x683.jpeg\" alt=\"\" class=\"wp-image-17294\" srcset=\"http:\/\/lopezdearenas.org\/inicio\/blog\/wp-content\/uploads\/2025\/11\/WhatsApp-Image-2025-11-07-at-15.37.36-1-1024x683.jpeg 1024w, http:\/\/lopezdearenas.org\/inicio\/blog\/wp-content\/uploads\/2025\/11\/WhatsApp-Image-2025-11-07-at-15.37.36-1-300x200.jpeg 300w, http:\/\/lopezdearenas.org\/inicio\/blog\/wp-content\/uploads\/2025\/11\/WhatsApp-Image-2025-11-07-at-15.37.36-1-768x512.jpeg 768w, http:\/\/lopezdearenas.org\/inicio\/blog\/wp-content\/uploads\/2025\/11\/WhatsApp-Image-2025-11-07-at-15.37.36-1-1536x1024.jpeg 1536w, http:\/\/lopezdearenas.org\/inicio\/blog\/wp-content\/uploads\/2025\/11\/WhatsApp-Image-2025-11-07-at-15.37.36-1-450x300.jpeg 450w, http:\/\/lopezdearenas.org\/inicio\/blog\/wp-content\/uploads\/2025\/11\/WhatsApp-Image-2025-11-07-at-15.37.36-1.jpeg 1600w\" sizes=\"auto, (max-width: 1024px) 100vw, 1024px\" \/><\/figure>\n<\/figure>\n\n\n\n<p>El acto finaliz\u00f3 con la intervenci\u00f3n del Director Juan Miguel Borrego, quien subray\u00f3 que \u00abcada euro invertido en formaci\u00f3n ha sido una inversi\u00f3n en futuro\u00bb. Afirm\u00f3 que la transformaci\u00f3n del panorama econ\u00f3mico de Marchena est\u00e1 ligada al impulso de la Formaci\u00f3n Profesional, y que la formaci\u00f3n, reglada o no, es el cimiento de las grandes historias empresariales. <\/p>\n\n\n\n<p>El equipo docente y directivo agradeci\u00f3 profundamente a los antiguos alumnos su vinculaci\u00f3n y compromiso al compartir sus experiencias y abrir las puertas de sus empresas a los estudiantes.<\/p>\n\n\n\n<p>El centro agradeci\u00f3 especialmente la implicaci\u00f3n del segundo curso del C.F.G.S. Asistencia a la Direcci\u00f3n, responsables del exitoso desarrollo del evento.<\/p>\n\n\n\n<p>Para saber m\u00e1s, pincha <a href=\"https:\/\/marchenasecreta.com\/el-ies-lopez-de-arenas-celebra-su-v-encuentro-de-emprendedores-as-con-gran-participacion-y-muestra-que-la-formacion-es-un-motor-de-cambio\/?fbclid=IwZnRzaAN7DN9leHRuA2FlbQIxMQBzcnRjBmFwcF9pZAo2NjI4NTY4Mzc5AAEeW-gBfT6cgJ0qa8gbUZfjd4A-kCy_lbs4Mxo-OoeR0fCH44QllR9od1I5yVw_aem_G5Yywli2qNCliDjuKQQXHA\">aqu\u00ed<\/a>.<\/p>\n\n\n\n<p><\/p>\n","protected":false},"excerpt":{"rendered":"<p>El IES L\u00f3pez de Arenas celebr\u00f3 ayer, 6 de noviembre, el Encuentro de Emprendedores, una jornada dedicada a impulsar el talento, la innovaci\u00f3n y la creatividad de antiguos alumnos, en el marco del 50 aniversario de la Formaci\u00f3n Profesional y &hellip; <a href=\"http:\/\/lopezdearenas.org\/inicio\/blog\/vencuentro-de-emprendedores-as-en-el-ies-lopez-de-arenas-de-marchena\/\">Sigue leyendo <span class=\"meta-nav\">&rarr;<\/span><\/a><\/p>\n","protected":false},"author":82,"featured_media":0,"comment_status":"closed","ping_status":"open","sticky":false,"template":"","format":"standard","meta":{"_jetpack_memberships_contains_paid_content":false,"footnotes":"","jetpack_publicize_message":"","jetpack_publicize_feature_enabled":true,"jetpack_social_post_already_shared":true,"jetpack_social_options":{"image_generator_settings":{"template":"highway","default_image_id":0,"enabled":false},"version":2}},"categories":[5],"tags":[151,148],"class_list":["post-17290","post","type-post","status-publish","format-standard","hentry","category-novedades","tag-aniversario","tag-aniversario-50-25"],"jetpack_publicize_connections":[],"jetpack_featured_media_url":"","jetpack_sharing_enabled":true,"_links":{"self":[{"href":"http:\/\/lopezdearenas.org\/inicio\/blog\/wp-json\/wp\/v2\/posts\/17290","targetHints":{"allow":["GET"]}}],"collection":[{"href":"http:\/\/lopezdearenas.org\/inicio\/blog\/wp-json\/wp\/v2\/posts"}],"about":[{"href":"http:\/\/lopezdearenas.org\/inicio\/blog\/wp-json\/wp\/v2\/types\/post"}],"author":[{"embeddable":true,"href":"http:\/\/lopezdearenas.org\/inicio\/blog\/wp-json\/wp\/v2\/users\/82"}],"replies":[{"embeddable":true,"href":"http:\/\/lopezdearenas.org\/inicio\/blog\/wp-json\/wp\/v2\/comments?post=17290"}],"version-history":[{"count":1,"href":"http:\/\/lopezdearenas.org\/inicio\/blog\/wp-json\/wp\/v2\/posts\/17290\/revisions"}],"predecessor-version":[{"id":17298,"href":"http:\/\/lopezdearenas.org\/inicio\/blog\/wp-json\/wp\/v2\/posts\/17290\/revisions\/17298"}],"wp:attachment":[{"href":"http:\/\/lopezdearenas.org\/inicio\/blog\/wp-json\/wp\/v2\/media?parent=17290"}],"wp:term":[{"taxonomy":"category","embeddable":true,"href":"http:\/\/lopezdearenas.org\/inicio\/blog\/wp-json\/wp\/v2\/categories?post=17290"},{"taxonomy":"post_tag","embeddable":true,"href":"http:\/\/lopezdearenas.org\/inicio\/blog\/wp-json\/wp\/v2\/tags?post=17290"}],"curies":[{"name":"wp","href":"https:\/\/api.w.org\/{rel}","templated":true}]}}