{"id":17277,"date":"2025-11-05T18:59:41","date_gmt":"2025-11-05T17:59:41","guid":{"rendered":"https:\/\/lopezdearenas.org\/inicio\/blog\/?p=17277"},"modified":"2025-11-05T19:07:16","modified_gmt":"2025-11-05T18:07:16","slug":"25n-que-las-palabras-sean-nuestro-escudo-campana-de-la-voz-a-ti-debida","status":"publish","type":"post","link":"http:\/\/lopezdearenas.org\/inicio\/blog\/25n-que-las-palabras-sean-nuestro-escudo-campana-de-la-voz-a-ti-debida\/","title":{"rendered":"25N: Que las palabras sean nuestro escudo.  CAMPA\u00d1A DE LA VOZ A TI DEBIDA"},"content":{"rendered":"\n<p>Un a\u00f1o m\u00e1s, el <strong>25 de Noviembre<\/strong> es una fecha ineludible en nuestro calendario: el <strong>D\u00eda Internacional de la Eliminaci\u00f3n de la Violencia contra la Mujer<\/strong>. Desde el IESLA, y a trav\u00e9s de nuestro proyecto <strong>\u00abLa Voz a Ti Debida\u00bb<\/strong>, queremos unirnos a esta jornada de concienciaci\u00f3n, denuncia y apoyo, ofreciendo algo tan valioso como la escucha y la literatura.<\/p>\n\n\n\n\n\n<p>En un d\u00eda tan importante, donde alzamos la voz contra cualquier forma de violencia machista y por la igualdad, queremos que sepas que no est\u00e1s sola. El poder de la palabra, la poes\u00eda y los relatos nos ofrece un refugio, un momento de reflexi\u00f3n y, sobre todo, un mensaje de fuerza y esperanza.<\/p>\n\n\n\n<p><strong>\u00bfQu\u00e9 te proponemos?<\/strong><\/p>\n\n\n\n<p>Si necesitas un momento de conexi\u00f3n, un soplo de \u00e1nimo o simplemente el calor de unas palabras elegidas con cari\u00f1o, nuestro alumnado y voluntariado lector de <a href=\"https:\/\/sites.google.com\/lopezdearenas.net\/lavozatidebida\/inicio\" data-type=\"link\" data-id=\"https:\/\/sites.google.com\/lopezdearenas.net\/lavozatidebida\/inicio\">La Voz a Ti Debida<\/a> te ofrecer\u00e1 una <strong>lectura personalizada<\/strong>. Podr\u00e1s recibirla directamente en tu tel\u00e9fono, como un mensaje de apoyo y solidaridad.<\/p>\n\n\n\n<p><strong>\u00bfC\u00f3mo puedes solicitar tu lectura del 25N?<\/strong><\/p>\n\n\n\n<p>Es muy sencillo:<\/p>\n\n\n\n<ol start=\"1\" class=\"wp-block-list\">\n<li><strong>Contacta con nosotros:<\/strong> Ll\u00e1manos o escr\u00edbenos por WhatsApp al <strong>615 737 311<\/strong>.<\/li>\n\n\n\n<li><strong>Manifiesta tu deseo de recibir una lectura para el 25N.<\/strong><\/li>\n\n\n\n<li><strong>Cu\u00e1ndo la recibir\u00e1s:<\/strong> El <strong>martes 25 de noviembre<\/strong>, te llamaremos o te enviaremos un mensaje de WhatsApp con tu lectura especial.<\/li>\n\n\n\n<li><strong>Plazo l\u00edmite:<\/strong> Por favor, aseg\u00farate de enviar tu petici\u00f3n <strong>antes del viernes 21 de noviembre<\/strong> para que podamos organizarlo todo con antelaci\u00f3n.<\/li>\n<\/ol>\n\n\n\n<p>Con esta iniciativa, deseamos que la literatura act\u00fae como un b\u00e1lsamo, un escudo para que las palabras no se conviertan en gritos ni en golpes. Porque en la lucha por la igualdad y el respeto, <strong>el silencio no es una opci\u00f3n<\/strong>, y cada voz cuenta.<\/p>\n\n\n\n<figure class=\"wp-block-image size-large\"><img loading=\"lazy\" decoding=\"async\" width=\"724\" height=\"1024\" src=\"https:\/\/lopezdearenas.org\/inicio\/blog\/wp-content\/uploads\/2025\/11\/CAMPANA-25N-Y-LA-VOZ-A-TI-DEBIDA-724x1024.jpg\" alt=\"\" class=\"wp-image-17285\" srcset=\"http:\/\/lopezdearenas.org\/inicio\/blog\/wp-content\/uploads\/2025\/11\/CAMPANA-25N-Y-LA-VOZ-A-TI-DEBIDA-724x1024.jpg 724w, http:\/\/lopezdearenas.org\/inicio\/blog\/wp-content\/uploads\/2025\/11\/CAMPANA-25N-Y-LA-VOZ-A-TI-DEBIDA-212x300.jpg 212w, http:\/\/lopezdearenas.org\/inicio\/blog\/wp-content\/uploads\/2025\/11\/CAMPANA-25N-Y-LA-VOZ-A-TI-DEBIDA-768x1086.jpg 768w, http:\/\/lopezdearenas.org\/inicio\/blog\/wp-content\/uploads\/2025\/11\/CAMPANA-25N-Y-LA-VOZ-A-TI-DEBIDA-1086x1536.jpg 1086w, http:\/\/lopezdearenas.org\/inicio\/blog\/wp-content\/uploads\/2025\/11\/CAMPANA-25N-Y-LA-VOZ-A-TI-DEBIDA.jpg 1414w\" sizes=\"auto, (max-width: 724px) 100vw, 724px\" \/><\/figure>\n\n\n\n<p>Agradecemos vuestra participaci\u00f3n y difusi\u00f3n para que este mensaje llegue a todas las personas que puedan necesitarlo.<\/p>\n\n\n\n<figure class=\"wp-block-audio\"><audio controls src=\"https:\/\/lopezdearenas.org\/inicio\/blog\/wp-content\/uploads\/2025\/11\/Voces-Unidas.mp3\"><\/audio><\/figure>\n\n\n\n<p>En colaboraci\u00f3n con el plan de Igualdad, Pacto contra la Violencia de G\u00e9nero, BECREA y ComunicA.<\/p>\n\n\n\n<figure class=\"wp-block-image size-full\"><img loading=\"lazy\" decoding=\"async\" width=\"313\" height=\"250\" src=\"https:\/\/lopezdearenas.org\/inicio\/blog\/wp-content\/uploads\/2025\/11\/logo_pacto_de_estado_pq.jpeg\" alt=\"\" class=\"wp-image-17283\" srcset=\"http:\/\/lopezdearenas.org\/inicio\/blog\/wp-content\/uploads\/2025\/11\/logo_pacto_de_estado_pq.jpeg 313w, http:\/\/lopezdearenas.org\/inicio\/blog\/wp-content\/uploads\/2025\/11\/logo_pacto_de_estado_pq-300x240.jpeg 300w\" sizes=\"auto, (max-width: 313px) 100vw, 313px\" \/><\/figure>\n\n\n\n<p><strong>#LaVozATiDebida #25N #ContraelMachismo #ElSilencioNoEsUnaOpci\u00f3n #IESLA #LecturaSolidaria <\/strong><\/p>\n","protected":false},"excerpt":{"rendered":"<p>Un a\u00f1o m\u00e1s, el 25 de Noviembre es una fecha ineludible en nuestro calendario: el D\u00eda Internacional de la Eliminaci\u00f3n de la Violencia contra la Mujer. Desde el IESLA, y a trav\u00e9s de nuestro proyecto \u00abLa Voz a Ti Debida\u00bb, &hellip; <a href=\"http:\/\/lopezdearenas.org\/inicio\/blog\/25n-que-las-palabras-sean-nuestro-escudo-campana-de-la-voz-a-ti-debida\/\">Sigue leyendo <span class=\"meta-nav\">&rarr;<\/span><\/a><\/p>\n","protected":false},"author":82,"featured_media":0,"comment_status":"closed","ping_status":"open","sticky":false,"template":"","format":"standard","meta":{"_jetpack_memberships_contains_paid_content":false,"footnotes":"","jetpack_publicize_message":"","jetpack_publicize_feature_enabled":true,"jetpack_social_post_already_shared":true,"jetpack_social_options":{"image_generator_settings":{"template":"highway","default_image_id":0,"enabled":false},"version":2}},"categories":[5],"tags":[71,216,167,229,169],"class_list":["post-17277","post","type-post","status-publish","format-standard","hentry","category-novedades","tag-25n","tag-efemerides","tag-la-voz-a-ti-debida","tag-pacto-de-estado-contra-la-violencia-de-genero","tag-plan-de-igualdad"],"jetpack_publicize_connections":[],"jetpack_featured_media_url":"","jetpack_sharing_enabled":true,"_links":{"self":[{"href":"http:\/\/lopezdearenas.org\/inicio\/blog\/wp-json\/wp\/v2\/posts\/17277","targetHints":{"allow":["GET"]}}],"collection":[{"href":"http:\/\/lopezdearenas.org\/inicio\/blog\/wp-json\/wp\/v2\/posts"}],"about":[{"href":"http:\/\/lopezdearenas.org\/inicio\/blog\/wp-json\/wp\/v2\/types\/post"}],"author":[{"embeddable":true,"href":"http:\/\/lopezdearenas.org\/inicio\/blog\/wp-json\/wp\/v2\/users\/82"}],"replies":[{"embeddable":true,"href":"http:\/\/lopezdearenas.org\/inicio\/blog\/wp-json\/wp\/v2\/comments?post=17277"}],"version-history":[{"count":5,"href":"http:\/\/lopezdearenas.org\/inicio\/blog\/wp-json\/wp\/v2\/posts\/17277\/revisions"}],"predecessor-version":[{"id":17289,"href":"http:\/\/lopezdearenas.org\/inicio\/blog\/wp-json\/wp\/v2\/posts\/17277\/revisions\/17289"}],"wp:attachment":[{"href":"http:\/\/lopezdearenas.org\/inicio\/blog\/wp-json\/wp\/v2\/media?parent=17277"}],"wp:term":[{"taxonomy":"category","embeddable":true,"href":"http:\/\/lopezdearenas.org\/inicio\/blog\/wp-json\/wp\/v2\/categories?post=17277"},{"taxonomy":"post_tag","embeddable":true,"href":"http:\/\/lopezdearenas.org\/inicio\/blog\/wp-json\/wp\/v2\/tags?post=17277"}],"curies":[{"name":"wp","href":"https:\/\/api.w.org\/{rel}","templated":true}]}}