{"id":17268,"date":"2025-11-03T11:09:37","date_gmt":"2025-11-03T10:09:37","guid":{"rendered":"https:\/\/lopezdearenas.org\/inicio\/blog\/?p=17268"},"modified":"2025-11-03T11:10:40","modified_gmt":"2025-11-03T10:10:40","slug":"convocatoria-erasmus-vet-bridge-to-europe-para-movilidades-del-personal-staff-2026","status":"publish","type":"post","link":"http:\/\/lopezdearenas.org\/inicio\/blog\/convocatoria-erasmus-vet-bridge-to-europe-para-movilidades-del-personal-staff-2026\/","title":{"rendered":"Convocatoria Erasmus+ (VET) \u00abBRIDGE TO EUROPE\u00bb para Movilidades del Personal (Staff) &#8211; 2026"},"content":{"rendered":"\n<p>\u00a1Abierta la convocatoria para <strong>TRES becas Erasmus+<\/strong> de movilidad del personal (staff) del IES L\u00d3PEZ DE ARENAS para el proyecto \u00abBRIDGE TO EUROPE\u00bb! <\/p>\n\n\n\n<figure class=\"wp-block-image size-full\"><img loading=\"lazy\" decoding=\"async\" width=\"910\" height=\"922\" src=\"https:\/\/lopezdearenas.org\/inicio\/blog\/wp-content\/uploads\/2025\/11\/es_v_cofinanciado_por_la_union_europea_pos.png\" alt=\"\" class=\"wp-image-17270\" srcset=\"http:\/\/lopezdearenas.org\/inicio\/blog\/wp-content\/uploads\/2025\/11\/es_v_cofinanciado_por_la_union_europea_pos.png 910w, http:\/\/lopezdearenas.org\/inicio\/blog\/wp-content\/uploads\/2025\/11\/es_v_cofinanciado_por_la_union_europea_pos-296x300.png 296w, http:\/\/lopezdearenas.org\/inicio\/blog\/wp-content\/uploads\/2025\/11\/es_v_cofinanciado_por_la_union_europea_pos-768x778.png 768w\" sizes=\"auto, (max-width: 910px) 100vw, 910px\" \/><\/figure>\n\n\n\n<p>Estas movilidades de <strong>Job Shadowing o Cursos de Formaci\u00f3n Estructurados<\/strong> buscan la internacionalizaci\u00f3n de nuestro centro y la adquisici\u00f3n de nuevas competencias para nuestro profesorado y personal de FP. <\/p>\n\n\n\n<figure class=\"wp-block-image size-full\"><img loading=\"lazy\" decoding=\"async\" width=\"595\" height=\"595\" src=\"https:\/\/lopezdearenas.org\/inicio\/blog\/wp-content\/uploads\/2025\/11\/306843118_469396238567382_3485868289451525070_n.jpg\" alt=\"\" class=\"wp-image-17269\" srcset=\"http:\/\/lopezdearenas.org\/inicio\/blog\/wp-content\/uploads\/2025\/11\/306843118_469396238567382_3485868289451525070_n.jpg 595w, http:\/\/lopezdearenas.org\/inicio\/blog\/wp-content\/uploads\/2025\/11\/306843118_469396238567382_3485868289451525070_n-300x300.jpg 300w, http:\/\/lopezdearenas.org\/inicio\/blog\/wp-content\/uploads\/2025\/11\/306843118_469396238567382_3485868289451525070_n-150x150.jpg 150w\" sizes=\"auto, (max-width: 595px) 100vw, 595px\" \/><\/figure>\n\n\n\n<h3 class=\"wp-block-heading\"><strong>Objetivos Principales<\/strong><\/h3>\n\n\n\n<p>El objetivo es el intercambio de experiencias con centros europeos hom\u00f3logos, adaptando los contenidos formativos a la realidad empresarial, e identificar metodolog\u00edas formativas innovadoras, especialmente en Formaci\u00f3n Profesional (FP). <\/p>\n\n\n\n<p>Se incluyen como tem\u00e1ticas prioritarias: <\/p>\n\n\n\n<ul class=\"wp-block-list\">\n<li><strong>Inclusi\u00f3n:<\/strong> Respuesta a las necesidades de estudiantes de entornos desfavorecidos y promoci\u00f3n de la tolerancia. <\/li>\n\n\n\n<li><strong>Digitalizaci\u00f3n:<\/strong> Adquisici\u00f3n de competencias digitales y observaci\u00f3n de experiencias en gesti\u00f3n y did\u00e1ctica. <\/li>\n\n\n\n<li><strong>Sostenibilidad:<\/strong> Iniciativas innovadoras en sostenibilidad y medio ambiente en FP. <\/li>\n<\/ul>\n\n\n\n<h3 class=\"wp-block-heading\"><strong>Requisitos Clave de Participaci\u00f3n<\/strong><\/h3>\n\n\n\n<p>Los solicitantes deben cumplir los siguientes requisitos: <\/p>\n\n\n\n<ul class=\"wp-block-list\">\n<li>Ser coordinador Erasmus+, formar parte del equipo directivo y\/o <strong>profesorado con competencia docente en Grado Medio o m\u00f3dulos profesionales de C.F.G.B\u00e1sico<\/strong> del centro. <\/li>\n\n\n\n<li>Poseer nacionalidad de un pa\u00eds participante en Erasmus+ o permiso de residencia v\u00e1lido en Espa\u00f1a. <\/li>\n<\/ul>\n\n\n\n<h3 class=\"wp-block-heading\"><strong>Destinos y Fechas de la Movilidad<\/strong><\/h3>\n\n\n\n<ul class=\"wp-block-list\">\n<li><strong>Destinos:<\/strong> <strong>ITALIA<\/strong> (Puglia &#8211; Otranto) y <strong>FINLANDIA<\/strong> (Porvoo &#8211; Curso de Formaci\u00f3n). <\/li>\n\n\n\n<li><strong>Duraci\u00f3n:<\/strong> 5 d\u00edas de formaci\u00f3n\/trabajo m\u00e1s 2 d\u00edas de viaje. <\/li>\n\n\n\n<li><strong>Per\u00edodos Previstos:<\/strong> Abril\/Mayo de 2026 y Octubre\/Noviembre de 2026. <\/li>\n<\/ul>\n\n\n\n<h3 class=\"wp-block-heading\"><strong>Plazos de Solicitud y Proceso de Evaluaci\u00f3n<\/strong><\/h3>\n\n\n\n<ul class=\"wp-block-list\">\n<li><strong>Plazo de Solicitud:<\/strong> Finaliza el <strong>07\/11\/2025<\/strong>. \n<ul class=\"wp-block-list\">\n<li>El formulario de solicitud est\u00e1 disponible en la web del centro o puede solicitarse al representante Erasmus+. <\/li>\n<\/ul>\n<\/li>\n\n\n\n<li><strong>Publicaci\u00f3n Provisional:<\/strong> 17\/11\/2025. Se abre un plazo de 3 d\u00edas para alegaciones. <\/li>\n\n\n\n<li><strong>Publicaci\u00f3n Definitiva y Adjudicaci\u00f3n:<\/strong> 24\/11\/2025. <\/li>\n<\/ul>\n\n\n\n<h4 class=\"wp-block-heading\"><strong>Criterios de Evaluaci\u00f3n y Puntuaci\u00f3n<\/strong><\/h4>\n\n\n\n<p>La selecci\u00f3n se realizar\u00e1 por una comisi\u00f3n evaluadora seg\u00fan los siguientes criterios (puntuaci\u00f3n m\u00e1xima):<\/p>\n\n\n\n<figure class=\"wp-block-table\"><table class=\"has-fixed-layout\"><thead><tr><td><strong>Criterio<\/strong><\/td><td><strong>Puntuaci\u00f3n M\u00e1xima<\/strong><\/td><\/tr><\/thead><tbody><tr><td><strong>1. Antig\u00fcedad en el Centro<\/strong> (Funcionario definitivo, interino o sin destino)<\/td><td>3 puntos <\/td><\/tr><tr><td>2. Cargo Ocupado (Director: 4,5; Coordinador Erasmus: 4; Miembro directivo: 3,5; Jefe Depto. FP: 2; Profesor CFGM\/CFGB: 1,5) [cite: 81, 89, 90, 91, 92, 93]<\/td><td>4,5 puntos <\/td><\/tr><tr><td><strong>3. Idiomas<\/strong> (B1: 1 punto; B2 o superior: 2 puntos)<\/td><td>3 puntos <\/td><\/tr><tr><td><strong>4. Participaci\u00f3n<\/strong> (No haber participado en la \u00faltima convocatoria)<\/td><td>3 puntos <\/td><\/tr><\/tbody><\/table><\/figure>\n\n\n\n<p><strong>Puedes consultar las bases completas y la documentaci\u00f3n en el siguiente enlace<\/strong>: <a href=\"https:\/\/drive.google.com\/file\/d\/13IOj_JZcxX-ZLdd9EPPm3_eNlgKvOvqA\/view?usp=sharing\">https:\/\/drive.google.com\/file\/d\/13IOj_JZcxX-ZLdd9EPPm3_eNlgKvOvqA\/view?usp=sharing<\/a>.<\/p>\n\n\n\n<p><\/p>\n","protected":false},"excerpt":{"rendered":"<p>\u00a1Abierta la convocatoria para TRES becas Erasmus+ de movilidad del personal (staff) del IES L\u00d3PEZ DE ARENAS para el proyecto \u00abBRIDGE TO EUROPE\u00bb! Estas movilidades de Job Shadowing o Cursos de Formaci\u00f3n Estructurados buscan la internacionalizaci\u00f3n de nuestro centro y &hellip; <a href=\"http:\/\/lopezdearenas.org\/inicio\/blog\/convocatoria-erasmus-vet-bridge-to-europe-para-movilidades-del-personal-staff-2026\/\">Sigue leyendo <span class=\"meta-nav\">&rarr;<\/span><\/a><\/p>\n","protected":false},"author":82,"featured_media":0,"comment_status":"closed","ping_status":"open","sticky":false,"template":"","format":"standard","meta":{"_jetpack_memberships_contains_paid_content":false,"footnotes":"","jetpack_publicize_message":"","jetpack_publicize_feature_enabled":true,"jetpack_social_post_already_shared":true,"jetpack_social_options":{"image_generator_settings":{"template":"highway","default_image_id":0,"enabled":false},"version":2}},"categories":[5],"tags":[110,183,152,214,184,49,226,213],"class_list":["post-17268","post","type-post","status-publish","format-standard","hentry","category-novedades","tag-becas","tag-consorcio","tag-erasmus-2","tag-grado-medio","tag-praktica","tag-profesorado","tag-staff","tag-vet"],"jetpack_publicize_connections":[],"jetpack_featured_media_url":"","jetpack_sharing_enabled":true,"_links":{"self":[{"href":"http:\/\/lopezdearenas.org\/inicio\/blog\/wp-json\/wp\/v2\/posts\/17268","targetHints":{"allow":["GET"]}}],"collection":[{"href":"http:\/\/lopezdearenas.org\/inicio\/blog\/wp-json\/wp\/v2\/posts"}],"about":[{"href":"http:\/\/lopezdearenas.org\/inicio\/blog\/wp-json\/wp\/v2\/types\/post"}],"author":[{"embeddable":true,"href":"http:\/\/lopezdearenas.org\/inicio\/blog\/wp-json\/wp\/v2\/users\/82"}],"replies":[{"embeddable":true,"href":"http:\/\/lopezdearenas.org\/inicio\/blog\/wp-json\/wp\/v2\/comments?post=17268"}],"version-history":[{"count":1,"href":"http:\/\/lopezdearenas.org\/inicio\/blog\/wp-json\/wp\/v2\/posts\/17268\/revisions"}],"predecessor-version":[{"id":17271,"href":"http:\/\/lopezdearenas.org\/inicio\/blog\/wp-json\/wp\/v2\/posts\/17268\/revisions\/17271"}],"wp:attachment":[{"href":"http:\/\/lopezdearenas.org\/inicio\/blog\/wp-json\/wp\/v2\/media?parent=17268"}],"wp:term":[{"taxonomy":"category","embeddable":true,"href":"http:\/\/lopezdearenas.org\/inicio\/blog\/wp-json\/wp\/v2\/categories?post=17268"},{"taxonomy":"post_tag","embeddable":true,"href":"http:\/\/lopezdearenas.org\/inicio\/blog\/wp-json\/wp\/v2\/tags?post=17268"}],"curies":[{"name":"wp","href":"https:\/\/api.w.org\/{rel}","templated":true}]}}