{"id":17259,"date":"2025-10-31T14:43:20","date_gmt":"2025-10-31T13:43:20","guid":{"rendered":"https:\/\/lopezdearenas.org\/inicio\/blog\/?p=17259"},"modified":"2025-10-31T14:44:00","modified_gmt":"2025-10-31T13:44:00","slug":"charla-coloquio-la-ii-republica-en-marchena-con-alvaro-cabeza-andres","status":"publish","type":"post","link":"http:\/\/lopezdearenas.org\/inicio\/blog\/charla-coloquio-la-ii-republica-en-marchena-con-alvaro-cabeza-andres\/","title":{"rendered":"Charla Coloquio: La II Rep\u00fablica en Marchena con \u00c1lvaro Cabeza Andr\u00e9s"},"content":{"rendered":"\n<p>El IES L\u00f3pez de Arenas ha tenido el placer de recibir al historiador e investigador local \u00c1lvaro Cabeza Andr\u00e9s para una enriquecedora Charla Coloquio sobre la II Rep\u00fablica en Marchena. La actividad, enmarcada en el curr\u00edculo de la materia de Historia de Espa\u00f1a para el alumnado de 2\u00ba de Bachillerato, y organizada por el plan de Programas Culturales (sesi\u00f3n Patrimonio) ha supuesto una oportunidad para acercar la Historia con may\u00fasculas a nuestro entorno m\u00e1s cercano.<\/p>\n\n\n\n<figure class=\"wp-block-image size-large\"><img loading=\"lazy\" decoding=\"async\" width=\"1024\" height=\"768\" src=\"https:\/\/lopezdearenas.org\/inicio\/blog\/wp-content\/uploads\/2025\/10\/WhatsApp-Image-2025-10-31-at-10.39.37-1024x768.jpeg\" alt=\"\" class=\"wp-image-17260\" srcset=\"http:\/\/lopezdearenas.org\/inicio\/blog\/wp-content\/uploads\/2025\/10\/WhatsApp-Image-2025-10-31-at-10.39.37-1024x768.jpeg 1024w, http:\/\/lopezdearenas.org\/inicio\/blog\/wp-content\/uploads\/2025\/10\/WhatsApp-Image-2025-10-31-at-10.39.37-300x225.jpeg 300w, http:\/\/lopezdearenas.org\/inicio\/blog\/wp-content\/uploads\/2025\/10\/WhatsApp-Image-2025-10-31-at-10.39.37-768x576.jpeg 768w, http:\/\/lopezdearenas.org\/inicio\/blog\/wp-content\/uploads\/2025\/10\/WhatsApp-Image-2025-10-31-at-10.39.37-1536x1152.jpeg 1536w, http:\/\/lopezdearenas.org\/inicio\/blog\/wp-content\/uploads\/2025\/10\/WhatsApp-Image-2025-10-31-at-10.39.37-400x300.jpeg 400w, http:\/\/lopezdearenas.org\/inicio\/blog\/wp-content\/uploads\/2025\/10\/WhatsApp-Image-2025-10-31-at-10.39.37.jpeg 1600w\" sizes=\"auto, (max-width: 1024px) 100vw, 1024px\" \/><\/figure>\n\n\n\n<p>\u00c1lvaro Cabeza ofreci\u00f3 una detallada exposici\u00f3n sobre el convulso y fascinante periodo de la II Rep\u00fablica (1931-1936), centr\u00e1ndose en c\u00f3mo se vivieron y desarrollaron los acontecimientos clave en  Marchena.<\/p>\n\n\n\n<figure class=\"wp-block-image size-large\"><img loading=\"lazy\" decoding=\"async\" width=\"1024\" height=\"768\" src=\"https:\/\/lopezdearenas.org\/inicio\/blog\/wp-content\/uploads\/2025\/10\/WhatsApp-Image-2025-10-31-at-10.39.37-1-1024x768.jpeg\" alt=\"\" class=\"wp-image-17261\" srcset=\"http:\/\/lopezdearenas.org\/inicio\/blog\/wp-content\/uploads\/2025\/10\/WhatsApp-Image-2025-10-31-at-10.39.37-1-1024x768.jpeg 1024w, http:\/\/lopezdearenas.org\/inicio\/blog\/wp-content\/uploads\/2025\/10\/WhatsApp-Image-2025-10-31-at-10.39.37-1-300x225.jpeg 300w, http:\/\/lopezdearenas.org\/inicio\/blog\/wp-content\/uploads\/2025\/10\/WhatsApp-Image-2025-10-31-at-10.39.37-1-768x576.jpeg 768w, http:\/\/lopezdearenas.org\/inicio\/blog\/wp-content\/uploads\/2025\/10\/WhatsApp-Image-2025-10-31-at-10.39.37-1-1536x1152.jpeg 1536w, http:\/\/lopezdearenas.org\/inicio\/blog\/wp-content\/uploads\/2025\/10\/WhatsApp-Image-2025-10-31-at-10.39.37-1-400x300.jpeg 400w, http:\/\/lopezdearenas.org\/inicio\/blog\/wp-content\/uploads\/2025\/10\/WhatsApp-Image-2025-10-31-at-10.39.37-1.jpeg 1600w\" sizes=\"auto, (max-width: 1024px) 100vw, 1024px\" \/><\/figure>\n\n\n\n<p>La charla permiti\u00f3 a nuestros estudiantes conectar directamente los contenidos del temario (desde la proclamaci\u00f3n de la Rep\u00fablica, las reformas, hasta la polarizaci\u00f3n pol\u00edtica y social) con la historia local, haciendo el aprendizaje mucho m\u00e1s significativo.<\/p>\n\n\n\n<p>Uno de los mayores atractivos de la sesi\u00f3n fue la menci\u00f3n de personajes y apellidos marcheneros que fueron protagonistas o testigos de aquella \u00e9poca. Estudiar la Historia a trav\u00e9s de la vida de nuestros vecinos y sus familias ayuda a comprender la complejidad del pasado y como los grandes cambios pol\u00edticos tuvieron en lo cotidiano un reflejo distinto.<\/p>\n\n\n\n<p>Estos encuentros con especialistas e investigadores locales, como \u00c1lvaro Cabeza, son de un valor incalculable para nuestro alumnado. No solo refuerzan los conocimientos acad\u00e9micos, sino que tambi\u00e9n desarrollan el pensamiento cr\u00edtico. El alumnado de 2\u00ba de Bachillerato ha podido comprobar de primera mano c\u00f3mo se investiga la historia a nivel local, a trav\u00e9s de archivos, prensa y testimonios, viendo la Historia como algo abierto, como un proceso de investigaci\u00f3n constante. En este sentido. un punto  muy actual de la sesi\u00f3n fue el an\u00e1lisis que hizo \u00c1lvaro Cabeza sobre la prensa de la \u00e9poca. Se ha puesto de relieve c\u00f3mo las <em>fake news<\/em> y la desinformaci\u00f3n no son un fen\u00f3meno nuevo. Hemos aprendido, por ejemplo, que los mecanismos de manipulaci\u00f3n y propaganda utilizados hoy d\u00eda tienen paralelismos con los que ya se empleaban en peri\u00f3dicos como el hist\u00f3rico \u00abEl Eco de Marchena\u00bb. Entender estas din\u00e1micas del pasado es crucial para que nuestros j\u00f3venes puedan ser ciudadanos cr\u00edticos y responsables en el presente digital.<\/p>\n\n\n\n<p>Agradecemos a \u00c1lvaro Cabeza Andr\u00e9s su dedicaci\u00f3n y la brillantez de su exposici\u00f3n. La presentaci\u00f3n ya forma parte de los materiales de la materia, por cierto. Y se ofreci\u00f3 a ayudar al alumnado interesado en seguir form\u00e1ndose en la historia local. Creemos que fomentar este tipo de di\u00e1logos con la Historia y el entorno local es un pilar fundamental en la formaci\u00f3n integral de nuestros futuros universitarios y ciudadanos que defienden y refuerzan los valores democr\u00e1ticos.<\/p>\n\n\n\n<p><\/p>\n","protected":false},"excerpt":{"rendered":"<p>El IES L\u00f3pez de Arenas ha tenido el placer de recibir al historiador e investigador local \u00c1lvaro Cabeza Andr\u00e9s para una enriquecedora Charla Coloquio sobre la II Rep\u00fablica en Marchena. La actividad, enmarcada en el curr\u00edculo de la materia de &hellip; <a href=\"http:\/\/lopezdearenas.org\/inicio\/blog\/charla-coloquio-la-ii-republica-en-marchena-con-alvaro-cabeza-andres\/\">Sigue leyendo <span class=\"meta-nav\">&rarr;<\/span><\/a><\/p>\n","protected":false},"author":82,"featured_media":0,"comment_status":"closed","ping_status":"open","sticky":false,"template":"","format":"standard","meta":{"_jetpack_memberships_contains_paid_content":false,"footnotes":"","jetpack_publicize_message":"","jetpack_publicize_feature_enabled":true,"jetpack_social_post_already_shared":true,"jetpack_social_options":{"image_generator_settings":{"template":"highway","default_image_id":0,"enabled":false},"version":2}},"categories":[5],"tags":[225,224,165,223,191],"class_list":["post-17259","post","type-post","status-publish","format-standard","hentry","category-novedades","tag-departamento-geografia-e-historia","tag-historia","tag-memoria-historica","tag-patrimonio","tag-planes-y-programas"],"jetpack_publicize_connections":[],"jetpack_featured_media_url":"","jetpack_sharing_enabled":true,"_links":{"self":[{"href":"http:\/\/lopezdearenas.org\/inicio\/blog\/wp-json\/wp\/v2\/posts\/17259","targetHints":{"allow":["GET"]}}],"collection":[{"href":"http:\/\/lopezdearenas.org\/inicio\/blog\/wp-json\/wp\/v2\/posts"}],"about":[{"href":"http:\/\/lopezdearenas.org\/inicio\/blog\/wp-json\/wp\/v2\/types\/post"}],"author":[{"embeddable":true,"href":"http:\/\/lopezdearenas.org\/inicio\/blog\/wp-json\/wp\/v2\/users\/82"}],"replies":[{"embeddable":true,"href":"http:\/\/lopezdearenas.org\/inicio\/blog\/wp-json\/wp\/v2\/comments?post=17259"}],"version-history":[{"count":1,"href":"http:\/\/lopezdearenas.org\/inicio\/blog\/wp-json\/wp\/v2\/posts\/17259\/revisions"}],"predecessor-version":[{"id":17262,"href":"http:\/\/lopezdearenas.org\/inicio\/blog\/wp-json\/wp\/v2\/posts\/17259\/revisions\/17262"}],"wp:attachment":[{"href":"http:\/\/lopezdearenas.org\/inicio\/blog\/wp-json\/wp\/v2\/media?parent=17259"}],"wp:term":[{"taxonomy":"category","embeddable":true,"href":"http:\/\/lopezdearenas.org\/inicio\/blog\/wp-json\/wp\/v2\/categories?post=17259"},{"taxonomy":"post_tag","embeddable":true,"href":"http:\/\/lopezdearenas.org\/inicio\/blog\/wp-json\/wp\/v2\/tags?post=17259"}],"curies":[{"name":"wp","href":"https:\/\/api.w.org\/{rel}","templated":true}]}}