{"id":17212,"date":"2025-10-24T13:46:32","date_gmt":"2025-10-24T12:46:32","guid":{"rendered":"https:\/\/lopezdearenas.org\/inicio\/blog\/?p=17212"},"modified":"2025-10-24T13:47:12","modified_gmt":"2025-10-24T12:47:12","slug":"primera-visita-a-la-residencia-de-mayores-la-milagrosa","status":"publish","type":"post","link":"http:\/\/lopezdearenas.org\/inicio\/blog\/primera-visita-a-la-residencia-de-mayores-la-milagrosa\/","title":{"rendered":"Primera visita a la Residencia de Mayores La Milagrosa."},"content":{"rendered":"\n<p>Hoy hemos vivido una experiencia muy especial en nuestra primera visita a la <strong>Residencia de mayores La Milagrosa<\/strong>. El d\u00eda no era cualquiera: el 24 de octubre se celebra el D\u00eda de las Bibliotecas Escolares. Parte de nuestro equipo de narradores, acompa\u00f1ados de los <em>susurradores<\/em>, ha compartido historias, palabras y emociones con los residentes, en un encuentro lleno de sensibilidad y cercan\u00eda.<\/p>\n\n\n\n<figure class=\"wp-block-image size-large\"><img loading=\"lazy\" decoding=\"async\" width=\"1024\" height=\"768\" src=\"https:\/\/lopezdearenas.org\/inicio\/blog\/wp-content\/uploads\/2025\/10\/WhatsApp-Image-2025-10-24-at-13.08.40-1-1024x768.jpeg\" alt=\"\" class=\"wp-image-17213\" srcset=\"http:\/\/lopezdearenas.org\/inicio\/blog\/wp-content\/uploads\/2025\/10\/WhatsApp-Image-2025-10-24-at-13.08.40-1-1024x768.jpeg 1024w, http:\/\/lopezdearenas.org\/inicio\/blog\/wp-content\/uploads\/2025\/10\/WhatsApp-Image-2025-10-24-at-13.08.40-1-300x225.jpeg 300w, http:\/\/lopezdearenas.org\/inicio\/blog\/wp-content\/uploads\/2025\/10\/WhatsApp-Image-2025-10-24-at-13.08.40-1-768x576.jpeg 768w, http:\/\/lopezdearenas.org\/inicio\/blog\/wp-content\/uploads\/2025\/10\/WhatsApp-Image-2025-10-24-at-13.08.40-1-1536x1152.jpeg 1536w, http:\/\/lopezdearenas.org\/inicio\/blog\/wp-content\/uploads\/2025\/10\/WhatsApp-Image-2025-10-24-at-13.08.40-1-400x300.jpeg 400w, http:\/\/lopezdearenas.org\/inicio\/blog\/wp-content\/uploads\/2025\/10\/WhatsApp-Image-2025-10-24-at-13.08.40-1.jpeg 1600w\" sizes=\"auto, (max-width: 1024px) 100vw, 1024px\" \/><\/figure>\n\n\n\n<figure class=\"wp-block-image size-large\"><img loading=\"lazy\" decoding=\"async\" width=\"1024\" height=\"768\" src=\"https:\/\/lopezdearenas.org\/inicio\/blog\/wp-content\/uploads\/2025\/10\/WhatsApp-Image-2025-10-24-at-13.08.40-2-1024x768.jpeg\" alt=\"\" class=\"wp-image-17214\" srcset=\"http:\/\/lopezdearenas.org\/inicio\/blog\/wp-content\/uploads\/2025\/10\/WhatsApp-Image-2025-10-24-at-13.08.40-2-1024x768.jpeg 1024w, http:\/\/lopezdearenas.org\/inicio\/blog\/wp-content\/uploads\/2025\/10\/WhatsApp-Image-2025-10-24-at-13.08.40-2-300x225.jpeg 300w, http:\/\/lopezdearenas.org\/inicio\/blog\/wp-content\/uploads\/2025\/10\/WhatsApp-Image-2025-10-24-at-13.08.40-2-768x576.jpeg 768w, http:\/\/lopezdearenas.org\/inicio\/blog\/wp-content\/uploads\/2025\/10\/WhatsApp-Image-2025-10-24-at-13.08.40-2-1536x1152.jpeg 1536w, http:\/\/lopezdearenas.org\/inicio\/blog\/wp-content\/uploads\/2025\/10\/WhatsApp-Image-2025-10-24-at-13.08.40-2-400x300.jpeg 400w, http:\/\/lopezdearenas.org\/inicio\/blog\/wp-content\/uploads\/2025\/10\/WhatsApp-Image-2025-10-24-at-13.08.40-2.jpeg 1600w\" sizes=\"auto, (max-width: 1024px) 100vw, 1024px\" \/><\/figure>\n\n\n\n<p>Durante la jornada, entrevistamos a los usuarios para conocer mejor sus gustos, intereses y necesidades. Queremos encontrar los textos que m\u00e1s se ajusten a sus vivencias, recuerdos y deseos, creando as\u00ed un puente entre la literatura y la memoria de quienes tanto tienen que contar.<\/p>\n\n\n\n<figure class=\"wp-block-image size-large\"><img loading=\"lazy\" decoding=\"async\" width=\"1024\" height=\"768\" src=\"https:\/\/lopezdearenas.org\/inicio\/blog\/wp-content\/uploads\/2025\/10\/WhatsApp-Image-2025-10-24-at-13.08.42-1024x768.jpeg\" alt=\"\" class=\"wp-image-17217\" srcset=\"http:\/\/lopezdearenas.org\/inicio\/blog\/wp-content\/uploads\/2025\/10\/WhatsApp-Image-2025-10-24-at-13.08.42-1024x768.jpeg 1024w, http:\/\/lopezdearenas.org\/inicio\/blog\/wp-content\/uploads\/2025\/10\/WhatsApp-Image-2025-10-24-at-13.08.42-300x225.jpeg 300w, http:\/\/lopezdearenas.org\/inicio\/blog\/wp-content\/uploads\/2025\/10\/WhatsApp-Image-2025-10-24-at-13.08.42-768x576.jpeg 768w, http:\/\/lopezdearenas.org\/inicio\/blog\/wp-content\/uploads\/2025\/10\/WhatsApp-Image-2025-10-24-at-13.08.42-1536x1152.jpeg 1536w, http:\/\/lopezdearenas.org\/inicio\/blog\/wp-content\/uploads\/2025\/10\/WhatsApp-Image-2025-10-24-at-13.08.42-400x300.jpeg 400w, http:\/\/lopezdearenas.org\/inicio\/blog\/wp-content\/uploads\/2025\/10\/WhatsApp-Image-2025-10-24-at-13.08.42.jpeg 1600w\" sizes=\"auto, (max-width: 1024px) 100vw, 1024px\" \/><\/figure>\n\n\n\n<p>Y ya han pasado cosas\u2026 Hubo personas que se emocionaron, alguna l\u00e1grima, risas nerviosas y, sobre todo, <strong>ganas de hacerlo bien<\/strong>. Este primer paso nos ha dejado el coraz\u00f3n lleno y muchas ideas para continuar.<\/p>\n\n\n\n<figure class=\"wp-block-image size-large\"><img loading=\"lazy\" decoding=\"async\" width=\"1024\" height=\"768\" src=\"https:\/\/lopezdearenas.org\/inicio\/blog\/wp-content\/uploads\/2025\/10\/IMG_20251024_112557-1-1024x768.jpg\" alt=\"\" class=\"wp-image-17219\" srcset=\"http:\/\/lopezdearenas.org\/inicio\/blog\/wp-content\/uploads\/2025\/10\/IMG_20251024_112557-1-1024x768.jpg 1024w, http:\/\/lopezdearenas.org\/inicio\/blog\/wp-content\/uploads\/2025\/10\/IMG_20251024_112557-1-300x225.jpg 300w, http:\/\/lopezdearenas.org\/inicio\/blog\/wp-content\/uploads\/2025\/10\/IMG_20251024_112557-1-768x576.jpg 768w, http:\/\/lopezdearenas.org\/inicio\/blog\/wp-content\/uploads\/2025\/10\/IMG_20251024_112557-1-1536x1152.jpg 1536w, http:\/\/lopezdearenas.org\/inicio\/blog\/wp-content\/uploads\/2025\/10\/IMG_20251024_112557-1-2048x1536.jpg 2048w, http:\/\/lopezdearenas.org\/inicio\/blog\/wp-content\/uploads\/2025\/10\/IMG_20251024_112557-1-400x300.jpg 400w\" sizes=\"auto, (max-width: 1024px) 100vw, 1024px\" \/><\/figure>\n\n\n\n<figure class=\"wp-block-image size-large\"><img loading=\"lazy\" decoding=\"async\" width=\"1024\" height=\"768\" src=\"https:\/\/lopezdearenas.org\/inicio\/blog\/wp-content\/uploads\/2025\/10\/IMG_20251024_112614-1024x768.jpg\" alt=\"\" class=\"wp-image-17220\" srcset=\"http:\/\/lopezdearenas.org\/inicio\/blog\/wp-content\/uploads\/2025\/10\/IMG_20251024_112614-1024x768.jpg 1024w, http:\/\/lopezdearenas.org\/inicio\/blog\/wp-content\/uploads\/2025\/10\/IMG_20251024_112614-300x225.jpg 300w, http:\/\/lopezdearenas.org\/inicio\/blog\/wp-content\/uploads\/2025\/10\/IMG_20251024_112614-768x576.jpg 768w, http:\/\/lopezdearenas.org\/inicio\/blog\/wp-content\/uploads\/2025\/10\/IMG_20251024_112614-1536x1152.jpg 1536w, http:\/\/lopezdearenas.org\/inicio\/blog\/wp-content\/uploads\/2025\/10\/IMG_20251024_112614-2048x1536.jpg 2048w, http:\/\/lopezdearenas.org\/inicio\/blog\/wp-content\/uploads\/2025\/10\/IMG_20251024_112614-400x300.jpg 400w\" sizes=\"auto, (max-width: 1024px) 100vw, 1024px\" \/><\/figure>\n\n\n\n<p>Ahora, este grupo de lectoras tienen la tarea de encontrar la lectura adecuada estudiando las entrevistas realizadas. As\u00ed se crea el v\u00ednculo, as\u00ed la lectura tiene una funcionalidad, as\u00ed se fomenta la lectura y la solidaridad sin esfuerzo, porque todo el mundo quiere ayudar al que lo necesita. Y nuestras personas lectoras tienen que analizar lo aprendido hoy para encontrar las palabras exactas&#8230;<\/p>\n\n\n\n<p>As\u00ed de f\u00e1cil, as\u00ed de hermoso es el Proyecto LA VOZ A TI DEBIDA.<\/p>\n\n\n\n<p>Seguiremos contando lo que ocurre en esta bonita aventura de lectura compartida.<\/p>\n","protected":false},"excerpt":{"rendered":"<p>Hoy hemos vivido una experiencia muy especial en nuestra primera visita a la Residencia de mayores La Milagrosa. El d\u00eda no era cualquiera: el 24 de octubre se celebra el D\u00eda de las Bibliotecas Escolares. Parte de nuestro equipo de &hellip; <a href=\"http:\/\/lopezdearenas.org\/inicio\/blog\/primera-visita-a-la-residencia-de-mayores-la-milagrosa\/\">Sigue leyendo <span class=\"meta-nav\">&rarr;<\/span><\/a><\/p>\n","protected":false},"author":82,"featured_media":0,"comment_status":"closed","ping_status":"open","sticky":false,"template":"","format":"standard","meta":{"_jetpack_memberships_contains_paid_content":false,"footnotes":"","jetpack_publicize_message":"","jetpack_publicize_feature_enabled":true,"jetpack_social_post_already_shared":true,"jetpack_social_options":{"image_generator_settings":{"template":"highway","default_image_id":0,"enabled":false},"version":2}},"categories":[5],"tags":[166,168,196,217,216,167],"class_list":["post-17212","post","type-post","status-publish","format-standard","hentry","category-novedades","tag-aps","tag-becrea","tag-comunica","tag-dia-de-las-bibliotecas","tag-efemerides","tag-la-voz-a-ti-debida"],"jetpack_publicize_connections":[],"jetpack_featured_media_url":"","jetpack_sharing_enabled":true,"_links":{"self":[{"href":"http:\/\/lopezdearenas.org\/inicio\/blog\/wp-json\/wp\/v2\/posts\/17212","targetHints":{"allow":["GET"]}}],"collection":[{"href":"http:\/\/lopezdearenas.org\/inicio\/blog\/wp-json\/wp\/v2\/posts"}],"about":[{"href":"http:\/\/lopezdearenas.org\/inicio\/blog\/wp-json\/wp\/v2\/types\/post"}],"author":[{"embeddable":true,"href":"http:\/\/lopezdearenas.org\/inicio\/blog\/wp-json\/wp\/v2\/users\/82"}],"replies":[{"embeddable":true,"href":"http:\/\/lopezdearenas.org\/inicio\/blog\/wp-json\/wp\/v2\/comments?post=17212"}],"version-history":[{"count":1,"href":"http:\/\/lopezdearenas.org\/inicio\/blog\/wp-json\/wp\/v2\/posts\/17212\/revisions"}],"predecessor-version":[{"id":17221,"href":"http:\/\/lopezdearenas.org\/inicio\/blog\/wp-json\/wp\/v2\/posts\/17212\/revisions\/17221"}],"wp:attachment":[{"href":"http:\/\/lopezdearenas.org\/inicio\/blog\/wp-json\/wp\/v2\/media?parent=17212"}],"wp:term":[{"taxonomy":"category","embeddable":true,"href":"http:\/\/lopezdearenas.org\/inicio\/blog\/wp-json\/wp\/v2\/categories?post=17212"},{"taxonomy":"post_tag","embeddable":true,"href":"http:\/\/lopezdearenas.org\/inicio\/blog\/wp-json\/wp\/v2\/tags?post=17212"}],"curies":[{"name":"wp","href":"https:\/\/api.w.org\/{rel}","templated":true}]}}