{"id":17203,"date":"2025-09-29T09:01:18","date_gmt":"2025-09-29T08:01:18","guid":{"rendered":"https:\/\/lopezdearenas.org\/inicio\/blog\/?p=17203"},"modified":"2025-10-24T09:02:57","modified_gmt":"2025-10-24T08:02:57","slug":"bases-de-la-convocatoria-erasmus-movilidades-de-90-dias-2026","status":"publish","type":"post","link":"http:\/\/lopezdearenas.org\/inicio\/blog\/bases-de-la-convocatoria-erasmus-movilidades-de-90-dias-2026\/","title":{"rendered":"BASES DE LA CONVOCATORIA ERASMUS + MOVILIDADES DE 90 D\u00cdAS \u20132026"},"content":{"rendered":"\n<p>Nuestro centro educativo forma parte, junto a otros Institutos de Educaci\u00f3n Secundaria, del Consorcio Erasmus+, creado para la ejecuci\u00f3n del Proyecto de Movilidad \u201c<strong>BRIDGE TO EUROPE\u201d<\/strong><\/p>\n\n\n\n<p>El Consorcio convoca <strong>30 Becas de movilidad Erasmuspro de 90 d\u00edas m\u00e1s 2 de viaje distribuidas en diferentes flujos de movilidad, siendo los destinos propuestos: ITALIA, PORTUGAL, ALEMANIA, BULGARIA, FRANCIA, POLONIA, MALTA, REP\u00daBLICA CHECA E IRLANDA<\/strong><strong>.<\/strong> Estas movilidades van dirigidas a estudiantes de segundo curso y reci\u00e9n titulados de los Ciclos Formativos de Grado Medio impartidos por los centros que configuran el Consorcio.<\/p>\n\n\n\n<p><strong>DESTINATARIOS<\/strong><\/p>\n\n\n\n<p>Los destinatarios de las becas son:<\/p>\n\n\n\n<ul class=\"wp-block-list\">\n<li>Reci\u00e9n titulados que hayan obtenido la titulaci\u00f3n oficial de Ense\u00f1anzas de Grado Medio y\/o Cursos conducentes a la obtenci\u00f3n de Certificados de Profesionalidad en los 12 meses anteriores a la finalizaci\u00f3n del per\u00edodo de movilidad.<\/li>\n\n\n\n<li>Alumnado de 2\u00ba curso de los Ciclos Formativos de Grado Medio y\/o Cursos conducentes a la obtenci\u00f3n de Certificados de Profesionalidad que realicen pr\u00e1cticas curriculares en el curso 2025\/2026.\u00a0<\/li>\n<\/ul>\n\n\n\n<p><strong>CUANT\u00cdA DE LAS BECAS<\/strong><\/p>\n\n\n\n<p>La subvenci\u00f3n tiene una partida de \u201cAyuda para Viaje\u201d y otra de \u201cApoyo Individual, destinada a cubrir los costes de alojamiento, seguro y una ayuda para manutenci\u00f3n y transporte local. La cuant\u00eda total de la beca es suficiente para cubrir los costes de la estancia y variar\u00e1 en funci\u00f3n del pa\u00eds de destino y los d\u00edas de duraci\u00f3n de la estancia.<\/p>\n\n\n\n<p><strong>PER\u00cdODO DE LAS ESTANCIAS<\/strong><\/p>\n\n\n\n<p>A continuaci\u00f3n, detallamos la duraci\u00f3n y per\u00edodos propuestos para las movilidades:<\/p>\n\n\n\n<p><strong>Flujo 1:&nbsp;<\/strong><\/p>\n\n\n\n<p><strong>Per\u00edodo de inicio: <\/strong><strong><\/strong><strong> <\/strong><strong><\/strong>Segunda quincena de enero de 2026<\/p>\n\n\n\n<p><strong>Per\u00edodo de finalizaci\u00f3n <\/strong><strong><\/strong><strong> <\/strong>Segunda quincena de abril de 2026<\/p>\n\n\n\n<p><strong>Flujo 2:&nbsp;<\/strong><\/p>\n\n\n\n<p><strong>Per\u00edodo de inicio: <\/strong><strong><\/strong><strong> <\/strong><strong><\/strong>Segunda quincena de febrero de 2026<\/p>\n\n\n\n<p><strong>Per\u00edodo de finalizaci\u00f3n <\/strong><strong><\/strong><strong> <\/strong>Segunda quincena de mayo 2026<\/p>\n\n\n\n<p><em>Las fechas exactas de las movilidades se definir\u00e1n en base a la disponibilidad de alojamientos, empresas de pr\u00e1cticas y medios de transporte. Asimismo, se respetar\u00e1 la normativa que la Autoridad Educativa en Andaluc\u00eda pueda emitir en el \u00e1mbito de la regulaci\u00f3n de las estancias Erasmus+ para pr\u00e1cticas del alumnado de los Ciclos Formativos de Grado Medio.<\/em><\/p>\n\n\n\n<p>El Comit\u00e9 de Direcci\u00f3n del Consorcio comunicar\u00e1 <strong>las fechas definitivas y duraci\u00f3n de las estancias<\/strong> en funci\u00f3n de la disponibilidad de vuelos, empresas de pr\u00e1cticas y alojamientos, pudiendo ser modificadas cuantas veces se estime oportuno.<\/p>\n\n\n\n<p>Fecha m\u00e1xima recepci\u00f3n de solicitudes: 27\/10\/2025<\/p>\n\n\n\n<p>Fecha Listado provisional seleccionados: 31\/10\/2025<\/p>\n\n\n\n<p>Fecha Listado definitivo seleccionados: 07\/11\/2025<\/p>\n\n\n\n<p>Fecha Firma Aceptaciones de Beca: 21\/11\/2025<\/p>\n\n\n\n<p>Fecha env\u00edo documentaci\u00f3n de participantes: 28\/11\/2025<\/p>\n\n\n\n<p>Es importante resaltar que TODAS las personas que cumplan alguno de los requisitos anteriores tendr\u00e1n las mismas oportunidades de acceder a las becas. Existen medidas espec\u00edficas de apoyo a personas con necesidades especiales (financiaci\u00f3n extra, acompa\u00f1antes, servicios de apoyo) por lo que recomendamos que aquellos\/as candidatos\/as que tengan dudas sobre su participaci\u00f3n contacten con el representante Erasmus+ del centro y exponga su caso concreto.&nbsp;<\/p>\n\n\n\n<p><a href=\"https:\/\/drive.google.com\/file\/d\/1UbjjoXs3TTcWseqfv0ruN5LHwxS3apjf\/view?usp=sharing\">Para la informaci\u00f3n completa, LEE ESTE DOCUMENTO:<\/a><\/p>\n\n\n\n<pre class=\"wp-block-code\"><code><\/code><\/pre>\n\n\n\n<p><\/p>\n","protected":false},"excerpt":{"rendered":"<p>Nuestro centro educativo forma parte, junto a otros Institutos de Educaci\u00f3n Secundaria, del Consorcio Erasmus+, creado para la ejecuci\u00f3n del Proyecto de Movilidad \u201cBRIDGE TO EUROPE\u201d El Consorcio convoca 30 Becas de movilidad Erasmuspro de 90 d\u00edas m\u00e1s 2 de &hellip; <a href=\"http:\/\/lopezdearenas.org\/inicio\/blog\/bases-de-la-convocatoria-erasmus-movilidades-de-90-dias-2026\/\">Sigue leyendo <span class=\"meta-nav\">&rarr;<\/span><\/a><\/p>\n","protected":false},"author":82,"featured_media":0,"comment_status":"closed","ping_status":"open","sticky":false,"template":"","format":"standard","meta":{"_jetpack_memberships_contains_paid_content":false,"footnotes":"","jetpack_publicize_message":"","jetpack_publicize_feature_enabled":true,"jetpack_social_post_already_shared":true,"jetpack_social_options":{"image_generator_settings":{"template":"highway","default_image_id":0,"enabled":false},"version":2}},"categories":[5],"tags":[177,42,152,186,214,213],"class_list":["post-17203","post","type-post","status-publish","format-standard","hentry","category-novedades","tag-bases","tag-bilinguismo","tag-erasmus-2","tag-fp","tag-grado-medio","tag-vet"],"jetpack_publicize_connections":[],"jetpack_featured_media_url":"","jetpack_sharing_enabled":true,"_links":{"self":[{"href":"http:\/\/lopezdearenas.org\/inicio\/blog\/wp-json\/wp\/v2\/posts\/17203","targetHints":{"allow":["GET"]}}],"collection":[{"href":"http:\/\/lopezdearenas.org\/inicio\/blog\/wp-json\/wp\/v2\/posts"}],"about":[{"href":"http:\/\/lopezdearenas.org\/inicio\/blog\/wp-json\/wp\/v2\/types\/post"}],"author":[{"embeddable":true,"href":"http:\/\/lopezdearenas.org\/inicio\/blog\/wp-json\/wp\/v2\/users\/82"}],"replies":[{"embeddable":true,"href":"http:\/\/lopezdearenas.org\/inicio\/blog\/wp-json\/wp\/v2\/comments?post=17203"}],"version-history":[{"count":3,"href":"http:\/\/lopezdearenas.org\/inicio\/blog\/wp-json\/wp\/v2\/posts\/17203\/revisions"}],"predecessor-version":[{"id":17206,"href":"http:\/\/lopezdearenas.org\/inicio\/blog\/wp-json\/wp\/v2\/posts\/17203\/revisions\/17206"}],"wp:attachment":[{"href":"http:\/\/lopezdearenas.org\/inicio\/blog\/wp-json\/wp\/v2\/media?parent=17203"}],"wp:term":[{"taxonomy":"category","embeddable":true,"href":"http:\/\/lopezdearenas.org\/inicio\/blog\/wp-json\/wp\/v2\/categories?post=17203"},{"taxonomy":"post_tag","embeddable":true,"href":"http:\/\/lopezdearenas.org\/inicio\/blog\/wp-json\/wp\/v2\/tags?post=17203"}],"curies":[{"name":"wp","href":"https:\/\/api.w.org\/{rel}","templated":true}]}}