{"id":17186,"date":"2025-10-16T18:40:57","date_gmt":"2025-10-16T17:40:57","guid":{"rendered":"https:\/\/lopezdearenas.org\/inicio\/blog\/?p=17186"},"modified":"2025-10-16T18:42:06","modified_gmt":"2025-10-16T17:42:06","slug":"celebramos-la-fase-i-del-concurso-de-otono-de-matematicas-co","status":"publish","type":"post","link":"http:\/\/lopezdearenas.org\/inicio\/blog\/celebramos-la-fase-i-del-concurso-de-otono-de-matematicas-co\/","title":{"rendered":"Celebramos la Fase I del Concurso de Oto\u00f1o de Matem\u00e1ticas (CO+)"},"content":{"rendered":"\n<p>Hoy, 16 de octubre, se ha celebrado en el IES L\u00f3pez de Arenas la primera fase del XVI Concurso de Oto\u00f1o de Matem\u00e1ticas (CO+), una actividad promovida por la Universidad de Sevilla que busca fomentar el gusto por las matem\u00e1ticas entre el alumnado de secundaria y bachillerato.<\/p>\n\n\n\n<p>En esta primera fase han participado 21 alumnos y alumnas de 3\u00ba y 4\u00ba de ESO, as\u00ed como de 1\u00ba y 2\u00ba de Bachillerato, quienes han demostrado su inter\u00e9s, esfuerzo y entusiasmo por esta disciplina.<\/p>\n\n\n\n<figure class=\"wp-block-image size-large\"><img loading=\"lazy\" decoding=\"async\" width=\"1024\" height=\"768\" src=\"https:\/\/lopezdearenas.org\/inicio\/blog\/wp-content\/uploads\/2025\/10\/1000085223-1024x768.jpg\" alt=\"\" class=\"wp-image-17187\" srcset=\"http:\/\/lopezdearenas.org\/inicio\/blog\/wp-content\/uploads\/2025\/10\/1000085223-1024x768.jpg 1024w, http:\/\/lopezdearenas.org\/inicio\/blog\/wp-content\/uploads\/2025\/10\/1000085223-300x225.jpg 300w, http:\/\/lopezdearenas.org\/inicio\/blog\/wp-content\/uploads\/2025\/10\/1000085223-768x576.jpg 768w, http:\/\/lopezdearenas.org\/inicio\/blog\/wp-content\/uploads\/2025\/10\/1000085223-1536x1152.jpg 1536w, http:\/\/lopezdearenas.org\/inicio\/blog\/wp-content\/uploads\/2025\/10\/1000085223-400x300.jpg 400w, http:\/\/lopezdearenas.org\/inicio\/blog\/wp-content\/uploads\/2025\/10\/1000085223.jpg 1600w\" sizes=\"auto, (max-width: 1024px) 100vw, 1024px\" \/><\/figure>\n\n\n\n<p>Los alumnos y alumnas que resulten seleccionados en esta primera fase tendr\u00e1n la oportunidad de participar en la fase II, que se celebrar\u00e1 el pr\u00f3ximo 31 de octubre en el Campus de Reina Mercedes de Sevilla, junto a j\u00f3venes de otros centros educativos de la provincia.<\/p>\n\n\n\n<figure class=\"wp-block-image size-large\"><img loading=\"lazy\" decoding=\"async\" width=\"1024\" height=\"768\" src=\"https:\/\/lopezdearenas.org\/inicio\/blog\/wp-content\/uploads\/2025\/10\/1000085221-1024x768.jpg\" alt=\"\" class=\"wp-image-17188\" srcset=\"http:\/\/lopezdearenas.org\/inicio\/blog\/wp-content\/uploads\/2025\/10\/1000085221-1024x768.jpg 1024w, http:\/\/lopezdearenas.org\/inicio\/blog\/wp-content\/uploads\/2025\/10\/1000085221-300x225.jpg 300w, http:\/\/lopezdearenas.org\/inicio\/blog\/wp-content\/uploads\/2025\/10\/1000085221-768x576.jpg 768w, http:\/\/lopezdearenas.org\/inicio\/blog\/wp-content\/uploads\/2025\/10\/1000085221-1536x1152.jpg 1536w, http:\/\/lopezdearenas.org\/inicio\/blog\/wp-content\/uploads\/2025\/10\/1000085221-400x300.jpg 400w, http:\/\/lopezdearenas.org\/inicio\/blog\/wp-content\/uploads\/2025\/10\/1000085221.jpg 1600w\" sizes=\"auto, (max-width: 1024px) 100vw, 1024px\" \/><\/figure>\n\n\n\n<p>Desde el IES L\u00f3pez de Arenas queremos agradecer sinceramente a todos los participantes su implicaci\u00f3n, inter\u00e9s y entusiasmo, as\u00ed como reconocer el trabajo del profesorado que ha acompa\u00f1ado y motivado al alumnado en esta experiencia que ya viene siendo un cl\u00e1sico en nuestro centro.<\/p>\n\n\n\n<figure class=\"wp-block-image size-large\"><img loading=\"lazy\" decoding=\"async\" width=\"1024\" height=\"768\" src=\"https:\/\/lopezdearenas.org\/inicio\/blog\/wp-content\/uploads\/2025\/10\/1000085225-1024x768.jpg\" alt=\"\" class=\"wp-image-17189\" srcset=\"http:\/\/lopezdearenas.org\/inicio\/blog\/wp-content\/uploads\/2025\/10\/1000085225-1024x768.jpg 1024w, http:\/\/lopezdearenas.org\/inicio\/blog\/wp-content\/uploads\/2025\/10\/1000085225-300x225.jpg 300w, http:\/\/lopezdearenas.org\/inicio\/blog\/wp-content\/uploads\/2025\/10\/1000085225-768x576.jpg 768w, http:\/\/lopezdearenas.org\/inicio\/blog\/wp-content\/uploads\/2025\/10\/1000085225-1536x1152.jpg 1536w, http:\/\/lopezdearenas.org\/inicio\/blog\/wp-content\/uploads\/2025\/10\/1000085225-400x300.jpg 400w, http:\/\/lopezdearenas.org\/inicio\/blog\/wp-content\/uploads\/2025\/10\/1000085225.jpg 1600w\" sizes=\"auto, (max-width: 1024px) 100vw, 1024px\" \/><\/figure>\n\n\n\n<p>Por cierto, los alumnos que superen esta fase pasar\u00e1n a la <strong>Fase II, esta vez,  presencial, en la Universidad de Sevilla<\/strong> el viernes 31 de octubre de 2025. Una experiencia inolvidable sea cual sea el resultado final.<\/p>\n\n\n\n<p> \u00a1Mucha suerte a todos los participantes! En breve los resultados&#8230;<\/p>\n\n\n\n<p><\/p>\n","protected":false},"excerpt":{"rendered":"<p>Hoy, 16 de octubre, se ha celebrado en el IES L\u00f3pez de Arenas la primera fase del XVI Concurso de Oto\u00f1o de Matem\u00e1ticas (CO+), una actividad promovida por la Universidad de Sevilla que busca fomentar el gusto por las matem\u00e1ticas &hellip; <a href=\"http:\/\/lopezdearenas.org\/inicio\/blog\/celebramos-la-fase-i-del-concurso-de-otono-de-matematicas-co\/\">Sigue leyendo <span class=\"meta-nav\">&rarr;<\/span><\/a><\/p>\n","protected":false},"author":82,"featured_media":0,"comment_status":"closed","ping_status":"open","sticky":false,"template":"","format":"standard","meta":{"_jetpack_memberships_contains_paid_content":false,"footnotes":"","jetpack_publicize_message":"","jetpack_publicize_feature_enabled":true,"jetpack_social_post_already_shared":true,"jetpack_social_options":{"image_generator_settings":{"template":"highway","default_image_id":0,"enabled":false},"version":2}},"categories":[5],"tags":[211,212,209,52,210,59],"class_list":["post-17186","post","type-post","status-publish","format-standard","hentry","category-novedades","tag-concurso-otono","tag-departamento-matematicas","tag-fomento-calculo-matematico","tag-matematicas","tag-olimpiadas-matematicas","tag-universidad-de-sevilla"],"jetpack_publicize_connections":[],"jetpack_featured_media_url":"","jetpack_sharing_enabled":true,"_links":{"self":[{"href":"http:\/\/lopezdearenas.org\/inicio\/blog\/wp-json\/wp\/v2\/posts\/17186","targetHints":{"allow":["GET"]}}],"collection":[{"href":"http:\/\/lopezdearenas.org\/inicio\/blog\/wp-json\/wp\/v2\/posts"}],"about":[{"href":"http:\/\/lopezdearenas.org\/inicio\/blog\/wp-json\/wp\/v2\/types\/post"}],"author":[{"embeddable":true,"href":"http:\/\/lopezdearenas.org\/inicio\/blog\/wp-json\/wp\/v2\/users\/82"}],"replies":[{"embeddable":true,"href":"http:\/\/lopezdearenas.org\/inicio\/blog\/wp-json\/wp\/v2\/comments?post=17186"}],"version-history":[{"count":2,"href":"http:\/\/lopezdearenas.org\/inicio\/blog\/wp-json\/wp\/v2\/posts\/17186\/revisions"}],"predecessor-version":[{"id":17191,"href":"http:\/\/lopezdearenas.org\/inicio\/blog\/wp-json\/wp\/v2\/posts\/17186\/revisions\/17191"}],"wp:attachment":[{"href":"http:\/\/lopezdearenas.org\/inicio\/blog\/wp-json\/wp\/v2\/media?parent=17186"}],"wp:term":[{"taxonomy":"category","embeddable":true,"href":"http:\/\/lopezdearenas.org\/inicio\/blog\/wp-json\/wp\/v2\/categories?post=17186"},{"taxonomy":"post_tag","embeddable":true,"href":"http:\/\/lopezdearenas.org\/inicio\/blog\/wp-json\/wp\/v2\/tags?post=17186"}],"curies":[{"name":"wp","href":"https:\/\/api.w.org\/{rel}","templated":true}]}}