{"id":17171,"date":"2025-10-16T17:51:21","date_gmt":"2025-10-16T16:51:21","guid":{"rendered":"https:\/\/lopezdearenas.org\/inicio\/blog\/?p=17171"},"modified":"2025-10-16T17:52:01","modified_gmt":"2025-10-16T16:52:01","slug":"dia-mundial-de-la-alimentacion-salud-colaboracion-e-integracion","status":"publish","type":"post","link":"http:\/\/lopezdearenas.org\/inicio\/blog\/dia-mundial-de-la-alimentacion-salud-colaboracion-e-integracion\/","title":{"rendered":"D\u00cdA MUNDIAL DE LA ALIMENTACI\u00d3N: SALUD, COLABORACI\u00d3N E INTEGRACI\u00d3N"},"content":{"rendered":"\n<p>Nuestro centro ha conmemorado hoy, d\u00eda 16 de octubre, el D\u00eda Mundial de la Alimentaci\u00f3n con una actividad muy especial que ha reunido a alumnos y  alumnas de distintas etapas educativas en torno a un objetivo: promover h\u00e1bitos de vida saludable. <\/p>\n\n\n\n<figure class=\"wp-block-gallery has-nested-images columns-default is-cropped wp-block-gallery-1 is-layout-flex wp-block-gallery-is-layout-flex\">\n<figure class=\"wp-block-image size-large\"><img loading=\"lazy\" decoding=\"async\" width=\"1024\" height=\"461\" data-id=\"17177\" src=\"https:\/\/lopezdearenas.org\/inicio\/blog\/wp-content\/uploads\/2025\/10\/1000085045-1024x461.jpg\" alt=\"\" class=\"wp-image-17177\" srcset=\"http:\/\/lopezdearenas.org\/inicio\/blog\/wp-content\/uploads\/2025\/10\/1000085045-1024x461.jpg 1024w, http:\/\/lopezdearenas.org\/inicio\/blog\/wp-content\/uploads\/2025\/10\/1000085045-300x135.jpg 300w, http:\/\/lopezdearenas.org\/inicio\/blog\/wp-content\/uploads\/2025\/10\/1000085045-768x346.jpg 768w, http:\/\/lopezdearenas.org\/inicio\/blog\/wp-content\/uploads\/2025\/10\/1000085045-1536x691.jpg 1536w, http:\/\/lopezdearenas.org\/inicio\/blog\/wp-content\/uploads\/2025\/10\/1000085045-500x225.jpg 500w, http:\/\/lopezdearenas.org\/inicio\/blog\/wp-content\/uploads\/2025\/10\/1000085045.jpg 1600w\" sizes=\"auto, (max-width: 1024px) 100vw, 1024px\" \/><\/figure>\n\n\n\n<figure class=\"wp-block-image size-large\"><img loading=\"lazy\" decoding=\"async\" width=\"461\" height=\"1024\" data-id=\"17175\" src=\"https:\/\/lopezdearenas.org\/inicio\/blog\/wp-content\/uploads\/2025\/10\/1000085054-461x1024.jpg\" alt=\"\" class=\"wp-image-17175\" srcset=\"http:\/\/lopezdearenas.org\/inicio\/blog\/wp-content\/uploads\/2025\/10\/1000085054-461x1024.jpg 461w, http:\/\/lopezdearenas.org\/inicio\/blog\/wp-content\/uploads\/2025\/10\/1000085054-135x300.jpg 135w, http:\/\/lopezdearenas.org\/inicio\/blog\/wp-content\/uploads\/2025\/10\/1000085054-691x1536.jpg 691w, http:\/\/lopezdearenas.org\/inicio\/blog\/wp-content\/uploads\/2025\/10\/1000085054.jpg 720w\" sizes=\"auto, (max-width: 461px) 100vw, 461px\" \/><\/figure>\n\n\n\n<figure class=\"wp-block-image size-large\"><img loading=\"lazy\" decoding=\"async\" width=\"461\" height=\"1024\" data-id=\"17178\" src=\"https:\/\/lopezdearenas.org\/inicio\/blog\/wp-content\/uploads\/2025\/10\/1000085064-461x1024.jpg\" alt=\"\" class=\"wp-image-17178\" srcset=\"http:\/\/lopezdearenas.org\/inicio\/blog\/wp-content\/uploads\/2025\/10\/1000085064-461x1024.jpg 461w, http:\/\/lopezdearenas.org\/inicio\/blog\/wp-content\/uploads\/2025\/10\/1000085064-135x300.jpg 135w, http:\/\/lopezdearenas.org\/inicio\/blog\/wp-content\/uploads\/2025\/10\/1000085064-691x1536.jpg 691w, http:\/\/lopezdearenas.org\/inicio\/blog\/wp-content\/uploads\/2025\/10\/1000085064.jpg 720w\" sizes=\"auto, (max-width: 461px) 100vw, 461px\" \/><\/figure>\n\n\n\n<figure class=\"wp-block-image size-large\"><img loading=\"lazy\" decoding=\"async\" width=\"461\" height=\"1024\" data-id=\"17176\" src=\"https:\/\/lopezdearenas.org\/inicio\/blog\/wp-content\/uploads\/2025\/10\/1000085073-461x1024.jpg\" alt=\"\" class=\"wp-image-17176\" srcset=\"http:\/\/lopezdearenas.org\/inicio\/blog\/wp-content\/uploads\/2025\/10\/1000085073-461x1024.jpg 461w, http:\/\/lopezdearenas.org\/inicio\/blog\/wp-content\/uploads\/2025\/10\/1000085073-135x300.jpg 135w, http:\/\/lopezdearenas.org\/inicio\/blog\/wp-content\/uploads\/2025\/10\/1000085073-691x1536.jpg 691w, http:\/\/lopezdearenas.org\/inicio\/blog\/wp-content\/uploads\/2025\/10\/1000085073.jpg 720w\" sizes=\"auto, (max-width: 461px) 100vw, 461px\" \/><\/figure>\n\n\n\n<figure class=\"wp-block-image size-large\"><img loading=\"lazy\" decoding=\"async\" width=\"461\" height=\"1024\" data-id=\"17174\" src=\"https:\/\/lopezdearenas.org\/inicio\/blog\/wp-content\/uploads\/2025\/10\/1000085090-461x1024.jpg\" alt=\"\" class=\"wp-image-17174\" srcset=\"http:\/\/lopezdearenas.org\/inicio\/blog\/wp-content\/uploads\/2025\/10\/1000085090-461x1024.jpg 461w, http:\/\/lopezdearenas.org\/inicio\/blog\/wp-content\/uploads\/2025\/10\/1000085090-135x300.jpg 135w, http:\/\/lopezdearenas.org\/inicio\/blog\/wp-content\/uploads\/2025\/10\/1000085090-691x1536.jpg 691w, http:\/\/lopezdearenas.org\/inicio\/blog\/wp-content\/uploads\/2025\/10\/1000085090.jpg 720w\" sizes=\"auto, (max-width: 461px) 100vw, 461px\" \/><\/figure>\n\n\n\n<figure class=\"wp-block-image size-large\"><img loading=\"lazy\" decoding=\"async\" width=\"461\" height=\"1024\" data-id=\"17173\" src=\"https:\/\/lopezdearenas.org\/inicio\/blog\/wp-content\/uploads\/2025\/10\/1000085093-461x1024.jpg\" alt=\"\" class=\"wp-image-17173\" srcset=\"http:\/\/lopezdearenas.org\/inicio\/blog\/wp-content\/uploads\/2025\/10\/1000085093-461x1024.jpg 461w, http:\/\/lopezdearenas.org\/inicio\/blog\/wp-content\/uploads\/2025\/10\/1000085093-135x300.jpg 135w, http:\/\/lopezdearenas.org\/inicio\/blog\/wp-content\/uploads\/2025\/10\/1000085093-691x1536.jpg 691w, http:\/\/lopezdearenas.org\/inicio\/blog\/wp-content\/uploads\/2025\/10\/1000085093.jpg 720w\" sizes=\"auto, (max-width: 461px) 100vw, 461px\" \/><\/figure>\n<\/figure>\n\n\n\n<p>En el marco del Programa de H\u00e1bitos de Vida Saludable, el alumnado de Ciclo Formativo de Grado Superior en Procesos y Calidad Alimentaria, en colaboraci\u00f3n con el Aula Espec\u00edfica, ha elaborado una macedonia de frutas, como s\u00edmbolo de trabajo en equipo e inclusi\u00f3n.<\/p>\n\n\n\n<p>La actividad ha servido para reforzar los conocimientos pr\u00e1cticos sobre el manejo higi\u00e9nico de los alimentos y la preparaci\u00f3n de productos frescos. Y fomentar tambi\u00e9n valores como la convivencia, la cooperaci\u00f3n y la importancia de una dieta saludable, como puede apreciarse en las im\u00e1genes. <\/p>\n\n\n\n<p>Desde el grupo de profesores y profesoras que han llevado a cabo la actividad se se\u00f1ala la relevancia de este tipo de iniciativas para concienciar al alumnado sobre la necesidad de adoptar una alimentaci\u00f3n variada, rica en frutas y verduras, y sobre todo la importancia del papel que juega la industria alimentaria en la promoci\u00f3n de productos sanos y seguros. Contar con el Aula Espec\u00edfica garantiza que la promoci\u00f3n sea un \u00e9xito.<\/p>\n\n\n\n<p>Pr\u00f3ximamente m\u00e1s&#8230;<\/p>\n","protected":false},"excerpt":{"rendered":"<p>Nuestro centro ha conmemorado hoy, d\u00eda 16 de octubre, el D\u00eda Mundial de la Alimentaci\u00f3n con una actividad muy especial que ha reunido a alumnos y alumnas de distintas etapas educativas en torno a un objetivo: promover h\u00e1bitos de vida &hellip; <a href=\"http:\/\/lopezdearenas.org\/inicio\/blog\/dia-mundial-de-la-alimentacion-salud-colaboracion-e-integracion\/\">Sigue leyendo <span class=\"meta-nav\">&rarr;<\/span><\/a><\/p>\n","protected":false},"author":82,"featured_media":0,"comment_status":"closed","ping_status":"open","sticky":false,"template":"","format":"standard","meta":{"_jetpack_memberships_contains_paid_content":false,"footnotes":"","jetpack_publicize_message":"","jetpack_publicize_feature_enabled":true,"jetpack_social_post_already_shared":true,"jetpack_social_options":{"image_generator_settings":{"template":"highway","default_image_id":0,"enabled":false},"version":2}},"categories":[5],"tags":[206,207,205,191],"class_list":["post-17171","post","type-post","status-publish","format-standard","hentry","category-novedades","tag-aula-especifica","tag-dia-de-la-alimentacion","tag-habitos-saludables","tag-planes-y-programas"],"jetpack_publicize_connections":[],"jetpack_featured_media_url":"","jetpack_sharing_enabled":true,"_links":{"self":[{"href":"http:\/\/lopezdearenas.org\/inicio\/blog\/wp-json\/wp\/v2\/posts\/17171","targetHints":{"allow":["GET"]}}],"collection":[{"href":"http:\/\/lopezdearenas.org\/inicio\/blog\/wp-json\/wp\/v2\/posts"}],"about":[{"href":"http:\/\/lopezdearenas.org\/inicio\/blog\/wp-json\/wp\/v2\/types\/post"}],"author":[{"embeddable":true,"href":"http:\/\/lopezdearenas.org\/inicio\/blog\/wp-json\/wp\/v2\/users\/82"}],"replies":[{"embeddable":true,"href":"http:\/\/lopezdearenas.org\/inicio\/blog\/wp-json\/wp\/v2\/comments?post=17171"}],"version-history":[{"count":2,"href":"http:\/\/lopezdearenas.org\/inicio\/blog\/wp-json\/wp\/v2\/posts\/17171\/revisions"}],"predecessor-version":[{"id":17179,"href":"http:\/\/lopezdearenas.org\/inicio\/blog\/wp-json\/wp\/v2\/posts\/17171\/revisions\/17179"}],"wp:attachment":[{"href":"http:\/\/lopezdearenas.org\/inicio\/blog\/wp-json\/wp\/v2\/media?parent=17171"}],"wp:term":[{"taxonomy":"category","embeddable":true,"href":"http:\/\/lopezdearenas.org\/inicio\/blog\/wp-json\/wp\/v2\/categories?post=17171"},{"taxonomy":"post_tag","embeddable":true,"href":"http:\/\/lopezdearenas.org\/inicio\/blog\/wp-json\/wp\/v2\/tags?post=17171"}],"curies":[{"name":"wp","href":"https:\/\/api.w.org\/{rel}","templated":true}]}}