{"id":17162,"date":"2025-10-11T18:00:59","date_gmt":"2025-10-11T17:00:59","guid":{"rendered":"https:\/\/lopezdearenas.org\/inicio\/blog\/?p=17162"},"modified":"2025-10-10T18:07:54","modified_gmt":"2025-10-10T17:07:54","slug":"el-ies-lopez-de-arenas-invitado-por-el-consejo-escolar-de-andalucia-y-simo-educacion-gracias-al-fomento-de-la-lectura","status":"publish","type":"post","link":"http:\/\/lopezdearenas.org\/inicio\/blog\/el-ies-lopez-de-arenas-invitado-por-el-consejo-escolar-de-andalucia-y-simo-educacion-gracias-al-fomento-de-la-lectura\/","title":{"rendered":"El IES L\u00f3pez de Arenas, invitado por el Consejo Escolar de Andaluc\u00eda y SIMO EDUCACI\u00d3N gracias al Fomento de la Lectura"},"content":{"rendered":"\n<p>El IES L\u00f3pez de Arenas ha sido invitado a participar en dos importantes eventos educativos \u2014las Jornadas \u201cLeo o Escroleo\u201d organizadas por el Consejo Escolar de Andaluc\u00eda y el Sal\u00f3n Internacional de Tecnolog\u00eda e Innovaci\u00f3n Educativa (SIMO EDUCACI\u00d3N)\u2014 gracias al Premio de Fomento de la Lectura recibido el pasado curso a nivel regional en Andaluc\u00eda por iniciativas como el Proyecto Personas-libro.<\/p>\n\n\n\n<figure class=\"wp-block-image size-large\"><img loading=\"lazy\" decoding=\"async\" width=\"1024\" height=\"768\" src=\"https:\/\/lopezdearenas.org\/inicio\/blog\/wp-content\/uploads\/2025\/10\/WhatsApp-Image-2025-10-08-at-19.46.32-1024x768.jpeg\" alt=\"\" class=\"wp-image-17167\" srcset=\"http:\/\/lopezdearenas.org\/inicio\/blog\/wp-content\/uploads\/2025\/10\/WhatsApp-Image-2025-10-08-at-19.46.32-1024x768.jpeg 1024w, http:\/\/lopezdearenas.org\/inicio\/blog\/wp-content\/uploads\/2025\/10\/WhatsApp-Image-2025-10-08-at-19.46.32-300x225.jpeg 300w, http:\/\/lopezdearenas.org\/inicio\/blog\/wp-content\/uploads\/2025\/10\/WhatsApp-Image-2025-10-08-at-19.46.32-768x576.jpeg 768w, http:\/\/lopezdearenas.org\/inicio\/blog\/wp-content\/uploads\/2025\/10\/WhatsApp-Image-2025-10-08-at-19.46.32-1536x1152.jpeg 1536w, http:\/\/lopezdearenas.org\/inicio\/blog\/wp-content\/uploads\/2025\/10\/WhatsApp-Image-2025-10-08-at-19.46.32-400x300.jpeg 400w, http:\/\/lopezdearenas.org\/inicio\/blog\/wp-content\/uploads\/2025\/10\/WhatsApp-Image-2025-10-08-at-19.46.32.jpeg 2048w\" sizes=\"auto, (max-width: 1024px) 100vw, 1024px\" \/><\/figure>\n\n\n\n<p class=\"has-text-align-center\">Ensayando las narraciones una tarde cualquiera&#8230;<\/p>\n\n\n\n<p>Este proyecto, desarrollado en el centro desde hace varios a\u00f1os, busca acercar la literatura al alumnado a trav\u00e9s de la literatura viva, la memoria y la emoci\u00f3n de las palabras. Las personas-libro, transmiten fragmentos literarios desde la interiorizaci\u00f3n y el m\u00e9todo de la palabra vinculada. Una experiencia que combina deseo, libertad, oralidad y lectura, y que ha logrado despertar el gusto por la literatura entre el alumnado del centro.<\/p>\n\n\n\n<p>En reconocimiento a esta labor, el Consejo Escolar de Andaluc\u00eda ha invitado al IES L\u00f3pez de Arenas a participar como centro educativo colaborador en las jornadas \u201c<a href=\"https:\/\/www.hablamosdeeducacion.es\/eventos\/jornada-de-fomento-de-la-lectura-para-adolescentes\">Leo o Escroleo<\/a>\u201d, que se celebrar\u00e1n el pr\u00f3ximo 30 de octubre de 2025 en el Auditorio de la Caja Rural de <strong>Granada<\/strong>. El encuentro reunir\u00e1 a escritores, docentes, ilustradores y especialistas en did\u00e1ctica de la lectura con el fin de impulsar el h\u00e1bito lector en adolescentes y j\u00f3venes mediante enfoques creativos y actuales.<\/p>\n\n\n\n<figure class=\"wp-block-image size-large\"><img loading=\"lazy\" decoding=\"async\" width=\"1024\" height=\"576\" src=\"https:\/\/lopezdearenas.org\/inicio\/blog\/wp-content\/uploads\/2025\/10\/12302-jornada-fomento-lectura-adolescente_Leo-o-Escroleo_2025-1-1024x576.jpg\" alt=\"\" class=\"wp-image-17164\" srcset=\"http:\/\/lopezdearenas.org\/inicio\/blog\/wp-content\/uploads\/2025\/10\/12302-jornada-fomento-lectura-adolescente_Leo-o-Escroleo_2025-1-1024x576.jpg 1024w, http:\/\/lopezdearenas.org\/inicio\/blog\/wp-content\/uploads\/2025\/10\/12302-jornada-fomento-lectura-adolescente_Leo-o-Escroleo_2025-1-300x169.jpg 300w, http:\/\/lopezdearenas.org\/inicio\/blog\/wp-content\/uploads\/2025\/10\/12302-jornada-fomento-lectura-adolescente_Leo-o-Escroleo_2025-1-768x432.jpg 768w, http:\/\/lopezdearenas.org\/inicio\/blog\/wp-content\/uploads\/2025\/10\/12302-jornada-fomento-lectura-adolescente_Leo-o-Escroleo_2025-1-500x281.jpg 500w, http:\/\/lopezdearenas.org\/inicio\/blog\/wp-content\/uploads\/2025\/10\/12302-jornada-fomento-lectura-adolescente_Leo-o-Escroleo_2025-1.jpg 1440w\" sizes=\"auto, (max-width: 1024px) 100vw, 1024px\" \/><\/figure>\n\n\n<div class=\"wp-block-image\">\n<figure class=\"aligncenter size-full\"><img loading=\"lazy\" decoding=\"async\" width=\"789\" height=\"419\" src=\"https:\/\/lopezdearenas.org\/inicio\/blog\/wp-content\/uploads\/2025\/10\/centros-educativos-colaboradores.png\" alt=\"\" class=\"wp-image-17163\" srcset=\"http:\/\/lopezdearenas.org\/inicio\/blog\/wp-content\/uploads\/2025\/10\/centros-educativos-colaboradores.png 789w, http:\/\/lopezdearenas.org\/inicio\/blog\/wp-content\/uploads\/2025\/10\/centros-educativos-colaboradores-300x159.png 300w, http:\/\/lopezdearenas.org\/inicio\/blog\/wp-content\/uploads\/2025\/10\/centros-educativos-colaboradores-768x408.png 768w, http:\/\/lopezdearenas.org\/inicio\/blog\/wp-content\/uploads\/2025\/10\/centros-educativos-colaboradores-500x266.png 500w\" sizes=\"auto, (max-width: 789px) 100vw, 789px\" \/><\/figure><\/div>\n\n\n<p>Asimismo, el proyecto Personas-libro representar\u00e1 a parte de la Delegaci\u00f3n Territorial de la Consejer\u00eda de Desarrollo Educativo y Formaci\u00f3n Profesional en <a href=\"https:\/\/www.ifema.es\/simo-educacion\">SIMO EDUCACI\u00d3N 2025<\/a>, que tendr\u00e1 lugar en IFEMA <strong>Madrid<\/strong>. Este evento, de referencia internacional, re\u00fane a centros y profesionales comprometidos con la innovaci\u00f3n educativa y la integraci\u00f3n de la tecnolog\u00eda en la ense\u00f1anza. En el IESLA lo tienen claro: cualquier innovaci\u00f3n educativa pasa por saber vincular literatura y vida.<\/p>\n\n\n\n<figure class=\"wp-block-image size-large\"><img loading=\"lazy\" decoding=\"async\" width=\"1024\" height=\"392\" src=\"https:\/\/lopezdearenas.org\/inicio\/blog\/wp-content\/uploads\/2025\/10\/simo-1024x392.png\" alt=\"\" class=\"wp-image-17165\" srcset=\"http:\/\/lopezdearenas.org\/inicio\/blog\/wp-content\/uploads\/2025\/10\/simo-1024x392.png 1024w, http:\/\/lopezdearenas.org\/inicio\/blog\/wp-content\/uploads\/2025\/10\/simo-300x115.png 300w, http:\/\/lopezdearenas.org\/inicio\/blog\/wp-content\/uploads\/2025\/10\/simo-768x294.png 768w, http:\/\/lopezdearenas.org\/inicio\/blog\/wp-content\/uploads\/2025\/10\/simo-500x191.png 500w, http:\/\/lopezdearenas.org\/inicio\/blog\/wp-content\/uploads\/2025\/10\/simo.png 1347w\" sizes=\"auto, (max-width: 1024px) 100vw, 1024px\" \/><\/figure>\n\n\n\n<p>La doble invitaci\u00f3n supone un nuevo reconocimiento al trabajo colectivo del IES L\u00f3pez de Arenas en la promoci\u00f3n de la lectura, la creatividad y la innovaci\u00f3n pedag\u00f3gica, reafirmando su compromiso con una educaci\u00f3n que trasciende las aulas.<\/p>\n\n\n\n<p><\/p>\n","protected":false},"excerpt":{"rendered":"<p>El IES L\u00f3pez de Arenas ha sido invitado a participar en dos importantes eventos educativos \u2014las Jornadas \u201cLeo o Escroleo\u201d organizadas por el Consejo Escolar de Andaluc\u00eda y el Sal\u00f3n Internacional de Tecnolog\u00eda e Innovaci\u00f3n Educativa (SIMO EDUCACI\u00d3N)\u2014 gracias al &hellip; <a href=\"http:\/\/lopezdearenas.org\/inicio\/blog\/el-ies-lopez-de-arenas-invitado-por-el-consejo-escolar-de-andalucia-y-simo-educacion-gracias-al-fomento-de-la-lectura\/\">Sigue leyendo <span class=\"meta-nav\">&rarr;<\/span><\/a><\/p>\n","protected":false},"author":82,"featured_media":0,"comment_status":"closed","ping_status":"open","sticky":false,"template":"","format":"standard","meta":{"_jetpack_memberships_contains_paid_content":false,"footnotes":"","jetpack_publicize_message":"","jetpack_publicize_feature_enabled":true,"jetpack_social_post_already_shared":true,"jetpack_social_options":{"image_generator_settings":{"template":"highway","default_image_id":0,"enabled":false},"version":2}},"categories":[5],"tags":[202,175,203,167,204,199,201],"class_list":["post-17162","post","type-post","status-publish","format-standard","hentry","category-novedades","tag-consejo-escolar-de-andalucia","tag-fomento-de-la-lectura","tag-granada","tag-la-voz-a-ti-debida","tag-madrid","tag-personas-libro","tag-simo"],"jetpack_publicize_connections":[],"jetpack_featured_media_url":"","jetpack_sharing_enabled":true,"_links":{"self":[{"href":"http:\/\/lopezdearenas.org\/inicio\/blog\/wp-json\/wp\/v2\/posts\/17162","targetHints":{"allow":["GET"]}}],"collection":[{"href":"http:\/\/lopezdearenas.org\/inicio\/blog\/wp-json\/wp\/v2\/posts"}],"about":[{"href":"http:\/\/lopezdearenas.org\/inicio\/blog\/wp-json\/wp\/v2\/types\/post"}],"author":[{"embeddable":true,"href":"http:\/\/lopezdearenas.org\/inicio\/blog\/wp-json\/wp\/v2\/users\/82"}],"replies":[{"embeddable":true,"href":"http:\/\/lopezdearenas.org\/inicio\/blog\/wp-json\/wp\/v2\/comments?post=17162"}],"version-history":[{"count":3,"href":"http:\/\/lopezdearenas.org\/inicio\/blog\/wp-json\/wp\/v2\/posts\/17162\/revisions"}],"predecessor-version":[{"id":17169,"href":"http:\/\/lopezdearenas.org\/inicio\/blog\/wp-json\/wp\/v2\/posts\/17162\/revisions\/17169"}],"wp:attachment":[{"href":"http:\/\/lopezdearenas.org\/inicio\/blog\/wp-json\/wp\/v2\/media?parent=17162"}],"wp:term":[{"taxonomy":"category","embeddable":true,"href":"http:\/\/lopezdearenas.org\/inicio\/blog\/wp-json\/wp\/v2\/categories?post=17162"},{"taxonomy":"post_tag","embeddable":true,"href":"http:\/\/lopezdearenas.org\/inicio\/blog\/wp-json\/wp\/v2\/tags?post=17162"}],"curies":[{"name":"wp","href":"https:\/\/api.w.org\/{rel}","templated":true}]}}