{"id":17130,"date":"2025-09-29T09:19:38","date_gmt":"2025-09-29T08:19:38","guid":{"rendered":"https:\/\/lopezdearenas.org\/inicio\/blog\/?p=17130"},"modified":"2025-09-29T09:22:27","modified_gmt":"2025-09-29T08:22:27","slug":"i-torneo-debate-educativo-defiende-tus-ideas-habla","status":"publish","type":"post","link":"http:\/\/lopezdearenas.org\/inicio\/blog\/i-torneo-debate-educativo-defiende-tus-ideas-habla\/","title":{"rendered":"I TORNEO DEBATE EDUCATIVO: DEFIENDE TUS IDEAS: HABLA"},"content":{"rendered":"\n<figure class=\"wp-block-image size-large\"><img loading=\"lazy\" decoding=\"async\" width=\"724\" height=\"1024\" src=\"https:\/\/lopezdearenas.org\/inicio\/blog\/wp-content\/uploads\/2025\/09\/WhatsApp-Image-2025-09-29-at-09.01.21-724x1024.jpeg\" alt=\"\" class=\"wp-image-17131\" srcset=\"http:\/\/lopezdearenas.org\/inicio\/blog\/wp-content\/uploads\/2025\/09\/WhatsApp-Image-2025-09-29-at-09.01.21-724x1024.jpeg 724w, http:\/\/lopezdearenas.org\/inicio\/blog\/wp-content\/uploads\/2025\/09\/WhatsApp-Image-2025-09-29-at-09.01.21-212x300.jpeg 212w, http:\/\/lopezdearenas.org\/inicio\/blog\/wp-content\/uploads\/2025\/09\/WhatsApp-Image-2025-09-29-at-09.01.21-768x1086.jpeg 768w, http:\/\/lopezdearenas.org\/inicio\/blog\/wp-content\/uploads\/2025\/09\/WhatsApp-Image-2025-09-29-at-09.01.21-1086x1536.jpeg 1086w, http:\/\/lopezdearenas.org\/inicio\/blog\/wp-content\/uploads\/2025\/09\/WhatsApp-Image-2025-09-29-at-09.01.21.jpeg 1131w\" sizes=\"auto, (max-width: 724px) 100vw, 724px\" \/><\/figure>\n\n\n\n<p>El <strong>IES L\u00f3pez de Arenas<\/strong> organiza el <strong>I Torneo de Debate Educativo \u201cDefiende tus ideas: habla\u201d<\/strong> con el objetivo de fomentar la <strong>oratoria, el pensamiento cr\u00edtico, el trabajo en equipo y el respeto a la diversidad de opiniones<\/strong> entre su alumnado.<\/p>\n\n\n\n<p>El torneo se estructura en <strong>dos categor\u00edas<\/strong>:<\/p>\n\n\n\n<ul class=\"wp-block-list\">\n<li><strong>Categor\u00eda A:<\/strong> 1.\u00ba, 2.\u00ba y 3.\u00ba de ESO<br><\/li>\n\n\n\n<li><strong>Categor\u00eda B:<\/strong> 4.\u00ba de ESO y Bachillerato<br><\/li>\n<\/ul>\n\n\n\n<p>Premios: <strong>80 \u20ac + diploma<\/strong> al equipo ganador de cada categor\u00eda.<\/p>\n\n\n\n<p>Adem\u00e1s, <strong>entre todos los equipos participantes se elegir\u00e1 al Equipo que representar\u00e1 al IES L\u00f3pez de Arenas en el Torneo Educativo de la Delegaci\u00f3n de Sevilla durante el segundo trimestre<\/strong>.<\/p>\n\n\n\n<p>Plazo de presentaci\u00f3n de Equipos: <strong>10 de octubre de 2025<\/strong> Mira las bases de m\u00e1s abajo.<\/p>\n\n\n\n<pre class=\"wp-block-code\"><code><a href=\"https:\/\/drive.google.com\/file\/d\/1BSCpXHslsOh5_PJcMuP7a6j6i43fNGop\/view?usp=sharing\" data-type=\"link\" data-id=\"https:\/\/drive.google.com\/file\/d\/1BSCpXHslsOh5_PJcMuP7a6j6i43fNGop\/view?usp=sharing\">PINCHA PARA CONOCER LAS BASES<\/a><\/code><\/pre>\n\n\n\n<p>Pregunta a tus tutor o tutora, a Mercedes lebr\u00f3n, Auxi Calder\u00f3n, Manuela Rojas, Gloria L\u00f3pez, Antonio Mart\u00edn&#8230; O p\u00e1sate por Vicedirecci\u00f3n si necesitas m\u00e1s informaci\u00f3n.<\/p>\n\n\n\n<p><\/p>\n","protected":false},"excerpt":{"rendered":"<p>El IES L\u00f3pez de Arenas organiza el I Torneo de Debate Educativo \u201cDefiende tus ideas: habla\u201d con el objetivo de fomentar la oratoria, el pensamiento cr\u00edtico, el trabajo en equipo y el respeto a la diversidad de opiniones entre su &hellip; <a href=\"http:\/\/lopezdearenas.org\/inicio\/blog\/i-torneo-debate-educativo-defiende-tus-ideas-habla\/\">Sigue leyendo <span class=\"meta-nav\">&rarr;<\/span><\/a><\/p>\n","protected":false},"author":82,"featured_media":0,"comment_status":"closed","ping_status":"open","sticky":false,"template":"","format":"standard","meta":{"_jetpack_memberships_contains_paid_content":false,"footnotes":"","jetpack_publicize_message":"","jetpack_publicize_feature_enabled":true,"jetpack_social_post_already_shared":true,"jetpack_social_options":{"image_generator_settings":{"template":"highway","default_image_id":0,"enabled":false},"version":2}},"categories":[5],"tags":[174,168,196,194,195],"class_list":["post-17130","post","type-post","status-publish","format-standard","hentry","category-novedades","tag-alumnado","tag-becrea","tag-comunica","tag-debate-educativo","tag-torneo-de-debate"],"jetpack_publicize_connections":[],"jetpack_featured_media_url":"","jetpack_sharing_enabled":true,"_links":{"self":[{"href":"http:\/\/lopezdearenas.org\/inicio\/blog\/wp-json\/wp\/v2\/posts\/17130","targetHints":{"allow":["GET"]}}],"collection":[{"href":"http:\/\/lopezdearenas.org\/inicio\/blog\/wp-json\/wp\/v2\/posts"}],"about":[{"href":"http:\/\/lopezdearenas.org\/inicio\/blog\/wp-json\/wp\/v2\/types\/post"}],"author":[{"embeddable":true,"href":"http:\/\/lopezdearenas.org\/inicio\/blog\/wp-json\/wp\/v2\/users\/82"}],"replies":[{"embeddable":true,"href":"http:\/\/lopezdearenas.org\/inicio\/blog\/wp-json\/wp\/v2\/comments?post=17130"}],"version-history":[{"count":3,"href":"http:\/\/lopezdearenas.org\/inicio\/blog\/wp-json\/wp\/v2\/posts\/17130\/revisions"}],"predecessor-version":[{"id":17134,"href":"http:\/\/lopezdearenas.org\/inicio\/blog\/wp-json\/wp\/v2\/posts\/17130\/revisions\/17134"}],"wp:attachment":[{"href":"http:\/\/lopezdearenas.org\/inicio\/blog\/wp-json\/wp\/v2\/media?parent=17130"}],"wp:term":[{"taxonomy":"category","embeddable":true,"href":"http:\/\/lopezdearenas.org\/inicio\/blog\/wp-json\/wp\/v2\/categories?post=17130"},{"taxonomy":"post_tag","embeddable":true,"href":"http:\/\/lopezdearenas.org\/inicio\/blog\/wp-json\/wp\/v2\/tags?post=17130"}],"curies":[{"name":"wp","href":"https:\/\/api.w.org\/{rel}","templated":true}]}}