{"id":17128,"date":"2025-09-26T08:44:15","date_gmt":"2025-09-26T07:44:15","guid":{"rendered":"https:\/\/lopezdearenas.org\/inicio\/blog\/?p=17128"},"modified":"2025-09-25T08:45:19","modified_gmt":"2025-09-25T07:45:19","slug":"manifiesto-de-coordinadores-del-programa-bilingue-en-andalucia-por-el-mantenimiento-del-programa-de-auxiliares-de-conversacion","status":"publish","type":"post","link":"http:\/\/lopezdearenas.org\/inicio\/blog\/manifiesto-de-coordinadores-del-programa-bilingue-en-andalucia-por-el-mantenimiento-del-programa-de-auxiliares-de-conversacion\/","title":{"rendered":"\u00a0Manifiesto de Coordinadores del Programa Biling\u00fce en Andaluc\u00eda por el mantenimiento del Programa de Auxiliares de Conversaci\u00f3n."},"content":{"rendered":"\n<p>Nos hacemos eco del siguiente Manifiesto como centro afectado: <\/p>\n\n\n\n<p>Estimada Comunidad Educativa de Andaluc\u00eda,<\/p>\n\n\n\n<p>Desde hace 20 a\u00f1os, el Programa Biling\u00fce ha formado parte esencial del d\u00eda a d\u00eda de muchos centros educativos andaluces. Gracias al trabajo coordinado de docentes de distintas especialidades, hemos conseguido que nuestro alumnado mejore sus competencias ling\u00fc\u00edsticas, acceda a proyectos internacionales, y entienda el aprendizaje de idiomas como una herramienta real para abrir puertas al mundo.<\/p>\n\n\n\n<p>Por eso, nosotros, coordinadores y coordinadoras del programa biling\u00fce en centros educativos p\u00fablicos de Andaluc\u00eda, queremos expresar nuestra profunda preocupaci\u00f3n y desacuerdo ante la interrupci\u00f3n del Programa de Auxiliares de Conversaci\u00f3n en nuestra comunidad para el curso 2025\u20132026. Resulta incomprensible y profundamente injusto que esta figura desaparezca \u00fanicamente en Andaluc\u00eda, mientras el programa sigue activo con normalidad en el resto de comunidades aut\u00f3nomas. Esta decisi\u00f3n no solo rompe la equidad territorial, sino que penaliza a miles de alumnos y alumnas de nuestra regi\u00f3n. Nos estamos viendo privados de un recurso clave: j\u00f3venes nativos que colaboran en nuestras aulas, que enriquecen las clases con su idioma, su cultura y su cercan\u00eda, y que representan, para muchos estudiantes, su primer contacto real con otra lengua.<\/p>\n\n\n\n<p>Desde los centros hemos trabajado con responsabilidad, compromiso y creatividad para dar vida al biling\u00fcismo, incluso con recursos limitados. El biling\u00fcismo funciona. Lo sabemos porque lo vivimos cada d\u00eda. Y por eso no vamos a quedarnos en silencio mientras se debilita por decisiones que no compartimos La desaparici\u00f3n de los auxiliares de conversaci\u00f3n no puede ser asumida con resignaci\u00f3n o indiferencia.<\/p>\n\n\n\n<p>Por ello, exigimos:<\/p>\n\n\n\n<p>1. Que se resuelva urgentemente el conflicto entre administraciones para permitir el regreso de los auxiliares a las aulas andaluzas.<\/p>\n\n\n\n<p>2. Que se garantice un trato justo y equitativo para todos los territorios que participan del mismo programa estatal.<\/p>\n\n\n\n<p>3. Que se valore la voz del profesorado que coordina y sostiene el programa en los centros, y se nos tenga en cuenta como interlocutores v\u00e1lidos.<\/p>\n\n\n\n<p>Mientras tanto, seguiremos trabajando con la misma profesionalidad y entrega. Pero no podemos dejar de decirlo claramente:<\/p>\n\n\n\n<p>Sin auxiliares, el programa pierde una parte esencial. Y callar ante esta injusticia ser\u00eda traicionar lo que llevamos a\u00f1os construyendo.<\/p>\n\n\n\n<p><\/p>\n","protected":false},"excerpt":{"rendered":"<p>Nos hacemos eco del siguiente Manifiesto como centro afectado: Estimada Comunidad Educativa de Andaluc\u00eda, Desde hace 20 a\u00f1os, el Programa Biling\u00fce ha formado parte esencial del d\u00eda a d\u00eda de muchos centros educativos andaluces. Gracias al trabajo coordinado de docentes &hellip; <a href=\"http:\/\/lopezdearenas.org\/inicio\/blog\/manifiesto-de-coordinadores-del-programa-bilingue-en-andalucia-por-el-mantenimiento-del-programa-de-auxiliares-de-conversacion\/\">Sigue leyendo <span class=\"meta-nav\">&rarr;<\/span><\/a><\/p>\n","protected":false},"author":82,"featured_media":0,"comment_status":"closed","ping_status":"open","sticky":false,"template":"","format":"standard","meta":{"_jetpack_memberships_contains_paid_content":false,"footnotes":"","jetpack_publicize_message":"","jetpack_publicize_feature_enabled":true,"jetpack_social_post_already_shared":true,"jetpack_social_options":{"image_generator_settings":{"template":"highway","default_image_id":0,"enabled":false},"version":2}},"categories":[5],"tags":[174,192,42,193],"class_list":["post-17128","post","type-post","status-publish","format-standard","hentry","category-novedades","tag-alumnado","tag-auxiliares-de-conversacion","tag-bilinguismo","tag-manifiesto"],"jetpack_publicize_connections":[],"jetpack_featured_media_url":"","jetpack_sharing_enabled":true,"_links":{"self":[{"href":"http:\/\/lopezdearenas.org\/inicio\/blog\/wp-json\/wp\/v2\/posts\/17128","targetHints":{"allow":["GET"]}}],"collection":[{"href":"http:\/\/lopezdearenas.org\/inicio\/blog\/wp-json\/wp\/v2\/posts"}],"about":[{"href":"http:\/\/lopezdearenas.org\/inicio\/blog\/wp-json\/wp\/v2\/types\/post"}],"author":[{"embeddable":true,"href":"http:\/\/lopezdearenas.org\/inicio\/blog\/wp-json\/wp\/v2\/users\/82"}],"replies":[{"embeddable":true,"href":"http:\/\/lopezdearenas.org\/inicio\/blog\/wp-json\/wp\/v2\/comments?post=17128"}],"version-history":[{"count":1,"href":"http:\/\/lopezdearenas.org\/inicio\/blog\/wp-json\/wp\/v2\/posts\/17128\/revisions"}],"predecessor-version":[{"id":17129,"href":"http:\/\/lopezdearenas.org\/inicio\/blog\/wp-json\/wp\/v2\/posts\/17128\/revisions\/17129"}],"wp:attachment":[{"href":"http:\/\/lopezdearenas.org\/inicio\/blog\/wp-json\/wp\/v2\/media?parent=17128"}],"wp:term":[{"taxonomy":"category","embeddable":true,"href":"http:\/\/lopezdearenas.org\/inicio\/blog\/wp-json\/wp\/v2\/categories?post=17128"},{"taxonomy":"post_tag","embeddable":true,"href":"http:\/\/lopezdearenas.org\/inicio\/blog\/wp-json\/wp\/v2\/tags?post=17128"}],"curies":[{"name":"wp","href":"https:\/\/api.w.org\/{rel}","templated":true}]}}