{"id":17125,"date":"2025-09-24T20:18:46","date_gmt":"2025-09-24T19:18:46","guid":{"rendered":"https:\/\/lopezdearenas.org\/inicio\/blog\/?p=17125"},"modified":"2025-09-24T20:20:03","modified_gmt":"2025-09-24T19:20:03","slug":"reunion-acogida-familias-de-nuevo-ingreso","status":"publish","type":"post","link":"http:\/\/lopezdearenas.org\/inicio\/blog\/reunion-acogida-familias-de-nuevo-ingreso\/","title":{"rendered":"REUNI\u00d3N ACOGIDA FAMILIAS DE NUEVO INGRESO"},"content":{"rendered":"\n<p>Esta tarde, 24 de octubre, se ha desarrollado una reuni\u00f3n informativa con las familias de nuevo ingreso en 1\u00ba de la ESO y 1\u00ba de Bachillerato, por parte del Equipo Directivo y de la Orientadora del centro.<\/p>\n\n\n\n<p>Se han expuesto las caracter\u00edsticas principales de nuestro centro, haciendo hincapi\u00e9 en los indicadores homologados, los criterios pedag\u00f3gicos para organizar los grupos, la atenci\u00f3n a la diversidad y otros aspectos acad\u00e9micos, de funcionamiento y de convivencia que se llevan a cabo en el IES L\u00f3pez de Arenas.<\/p>\n\n\n\n<p>Tambi\u00e9n se han expuesto los principales Planes y Programas del centro que derivan directamente de la Consejer\u00eda de Desarrollo Educativo de la Junta de Andaluc\u00eda, como los propios (Semana de la Ciencia, Semana de las Artes y las Humanidades, ERASMUS, Olimpiadas, Radio Escolar, Revista El Barranco, Personas-libro, La Voz a ti Debida&#8230;).<\/p>\n\n\n\n<figure class=\"wp-block-image size-large\"><img loading=\"lazy\" decoding=\"async\" width=\"410\" height=\"1024\" src=\"https:\/\/lopezdearenas.org\/inicio\/blog\/wp-content\/uploads\/2025\/09\/PLANES-Y-PROGRAMAS-IESLA-2526.-ANEXO-410x1024.jpg\" alt=\"\" class=\"wp-image-17126\" srcset=\"http:\/\/lopezdearenas.org\/inicio\/blog\/wp-content\/uploads\/2025\/09\/PLANES-Y-PROGRAMAS-IESLA-2526.-ANEXO-410x1024.jpg 410w, http:\/\/lopezdearenas.org\/inicio\/blog\/wp-content\/uploads\/2025\/09\/PLANES-Y-PROGRAMAS-IESLA-2526.-ANEXO-120x300.jpg 120w, http:\/\/lopezdearenas.org\/inicio\/blog\/wp-content\/uploads\/2025\/09\/PLANES-Y-PROGRAMAS-IESLA-2526.-ANEXO-768x1920.jpg 768w, http:\/\/lopezdearenas.org\/inicio\/blog\/wp-content\/uploads\/2025\/09\/PLANES-Y-PROGRAMAS-IESLA-2526.-ANEXO.jpg 800w\" sizes=\"auto, (max-width: 410px) 100vw, 410px\" \/><\/figure>\n\n\n\n<p>Atendiendo finalmente los ruegos y preguntas de la familias sobre algunos de estos asuntos e invitando a todos y todas a formar parte de la gran familia del IES L\u00f3pez de Arenas.<\/p>\n\n\n\n<p><\/p>\n","protected":false},"excerpt":{"rendered":"<p>Esta tarde, 24 de octubre, se ha desarrollado una reuni\u00f3n informativa con las familias de nuevo ingreso en 1\u00ba de la ESO y 1\u00ba de Bachillerato, por parte del Equipo Directivo y de la Orientadora del centro. Se han expuesto &hellip; <a href=\"http:\/\/lopezdearenas.org\/inicio\/blog\/reunion-acogida-familias-de-nuevo-ingreso\/\">Sigue leyendo <span class=\"meta-nav\">&rarr;<\/span><\/a><\/p>\n","protected":false},"author":82,"featured_media":0,"comment_status":"closed","ping_status":"open","sticky":false,"template":"","format":"standard","meta":{"_jetpack_memberships_contains_paid_content":false,"footnotes":"","jetpack_publicize_message":"","jetpack_publicize_feature_enabled":true,"jetpack_social_post_already_shared":true,"jetpack_social_options":{"image_generator_settings":{"template":"highway","default_image_id":0,"enabled":false},"version":2}},"categories":[5],"tags":[190,189,188,69,152,83,30,187,191],"class_list":["post-17125","post","type-post","status-publish","format-standard","hentry","category-novedades","tag-1o","tag-1o-eso","tag-acogida","tag-bachillerato","tag-erasmus-2","tag-eso","tag-familias","tag-nuevo-ingreso","tag-planes-y-programas"],"jetpack_publicize_connections":[],"jetpack_featured_media_url":"","jetpack_sharing_enabled":true,"_links":{"self":[{"href":"http:\/\/lopezdearenas.org\/inicio\/blog\/wp-json\/wp\/v2\/posts\/17125","targetHints":{"allow":["GET"]}}],"collection":[{"href":"http:\/\/lopezdearenas.org\/inicio\/blog\/wp-json\/wp\/v2\/posts"}],"about":[{"href":"http:\/\/lopezdearenas.org\/inicio\/blog\/wp-json\/wp\/v2\/types\/post"}],"author":[{"embeddable":true,"href":"http:\/\/lopezdearenas.org\/inicio\/blog\/wp-json\/wp\/v2\/users\/82"}],"replies":[{"embeddable":true,"href":"http:\/\/lopezdearenas.org\/inicio\/blog\/wp-json\/wp\/v2\/comments?post=17125"}],"version-history":[{"count":1,"href":"http:\/\/lopezdearenas.org\/inicio\/blog\/wp-json\/wp\/v2\/posts\/17125\/revisions"}],"predecessor-version":[{"id":17127,"href":"http:\/\/lopezdearenas.org\/inicio\/blog\/wp-json\/wp\/v2\/posts\/17125\/revisions\/17127"}],"wp:attachment":[{"href":"http:\/\/lopezdearenas.org\/inicio\/blog\/wp-json\/wp\/v2\/media?parent=17125"}],"wp:term":[{"taxonomy":"category","embeddable":true,"href":"http:\/\/lopezdearenas.org\/inicio\/blog\/wp-json\/wp\/v2\/categories?post=17125"},{"taxonomy":"post_tag","embeddable":true,"href":"http:\/\/lopezdearenas.org\/inicio\/blog\/wp-json\/wp\/v2\/tags?post=17125"}],"curies":[{"name":"wp","href":"https:\/\/api.w.org\/{rel}","templated":true}]}}