{"id":17119,"date":"2025-09-18T17:58:10","date_gmt":"2025-09-18T16:58:10","guid":{"rendered":"https:\/\/lopezdearenas.org\/inicio\/blog\/?p=17119"},"modified":"2025-09-18T18:00:22","modified_gmt":"2025-09-18T17:00:22","slug":"reunion-del-consorcio-erasmus-vet-bridge-to-europe-empezamos","status":"publish","type":"post","link":"http:\/\/lopezdearenas.org\/inicio\/blog\/reunion-del-consorcio-erasmus-vet-bridge-to-europe-empezamos\/","title":{"rendered":"Reuni\u00f3n del Consorcio Erasmus+ (VET) Bridge to Europe: \u00a1empezamos!"},"content":{"rendered":"\n<p>Hoy, <strong>18 de septiembre a las 13:00 h<\/strong>, se ha celebrado en el <strong>IES Al-Andalus<\/strong> la reuni\u00f3n del <strong>Consorcio Erasmus+ (VET)<\/strong>, en el que participan los centros de Formaci\u00f3n Profesional y Ciclos de Grado Medio que forman parte del proyecto <strong>Bridge to Europe <\/strong>de la comarca.<\/p>\n\n\n\n<figure class=\"wp-block-image size-large\"><img loading=\"lazy\" decoding=\"async\" width=\"1024\" height=\"461\" src=\"https:\/\/lopezdearenas.org\/inicio\/blog\/wp-content\/uploads\/2025\/09\/IMG-20250918-WA0009-1024x461.jpg\" alt=\"\" class=\"wp-image-17120\" srcset=\"http:\/\/lopezdearenas.org\/inicio\/blog\/wp-content\/uploads\/2025\/09\/IMG-20250918-WA0009-1024x461.jpg 1024w, http:\/\/lopezdearenas.org\/inicio\/blog\/wp-content\/uploads\/2025\/09\/IMG-20250918-WA0009-300x135.jpg 300w, http:\/\/lopezdearenas.org\/inicio\/blog\/wp-content\/uploads\/2025\/09\/IMG-20250918-WA0009-768x346.jpg 768w, http:\/\/lopezdearenas.org\/inicio\/blog\/wp-content\/uploads\/2025\/09\/IMG-20250918-WA0009-1536x691.jpg 1536w, http:\/\/lopezdearenas.org\/inicio\/blog\/wp-content\/uploads\/2025\/09\/IMG-20250918-WA0009-500x225.jpg 500w, http:\/\/lopezdearenas.org\/inicio\/blog\/wp-content\/uploads\/2025\/09\/IMG-20250918-WA0009.jpg 1600w\" sizes=\"auto, (max-width: 1024px) 100vw, 1024px\" \/><\/figure>\n\n\n\n<p>Durante el encuentro se han analizado las <strong>movilidades realizadas el curso pasado<\/strong>, compartiendo experiencias, aprendizajes y propuestas de mejora para seguir ofreciendo a nuestro alumnado y tambi\u00e9n al profesorado oportunidades de formaci\u00f3n en otros pa\u00edses europeos.<\/p>\n\n\n\n<p>Adem\u00e1s, hemos comenzado a trabajar en la planificaci\u00f3n de las <strong>movilidades de este curso<\/strong>, que llegar\u00e1n cargadas de novedades y <strong>muchas sorpresas<\/strong> que muy pronto podremos anunciar.<\/p>\n\n\n\n<p>El proyecto <em>Bridge to Europe<\/em> sigue siendo una <strong>puerta abierta a la internacionalizaci\u00f3n del IES L\u00d3PEZ DE ARENAS<\/strong>, ofreciendo a nuestros estudiantes la posibilidad de crecer personal y profesionalmente en un entorno europeo.<\/p>\n\n\n\n<figure class=\"wp-block-image size-full\"><img loading=\"lazy\" decoding=\"async\" width=\"225\" height=\"225\" src=\"https:\/\/lopezdearenas.org\/inicio\/blog\/wp-content\/uploads\/2025\/09\/descarga-1.png\" alt=\"\" class=\"wp-image-17122\" srcset=\"http:\/\/lopezdearenas.org\/inicio\/blog\/wp-content\/uploads\/2025\/09\/descarga-1.png 225w, http:\/\/lopezdearenas.org\/inicio\/blog\/wp-content\/uploads\/2025\/09\/descarga-1-150x150.png 150w\" sizes=\"auto, (max-width: 225px) 100vw, 225px\" \/><\/figure>\n\n\n\n<p>Desde el IES L\u00f3pez de Arenas agradecemos el trabajo conjunto de todos los centros del Consorcio y a los profesionales de Praktica con los que reafirmamos nuestro compromiso con un programa que contribuye al desarrollo acad\u00e9mico, profesional y humano de nuestro alumnado.<\/p>\n\n\n\n<figure class=\"wp-block-image size-full\"><img loading=\"lazy\" decoding=\"async\" width=\"172\" height=\"49\" src=\"https:\/\/lopezdearenas.org\/inicio\/blog\/wp-content\/uploads\/2025\/09\/logo-praktica-negro-2.png\" alt=\"\" class=\"wp-image-17121\" \/><\/figure>\n\n\n\n<p>\u00a1Estad atentos que empezamos!<\/p>\n\n\n\n<p><\/p>\n","protected":false},"excerpt":{"rendered":"<p>Hoy, 18 de septiembre a las 13:00 h, se ha celebrado en el IES Al-Andalus la reuni\u00f3n del Consorcio Erasmus+ (VET), en el que participan los centros de Formaci\u00f3n Profesional y Ciclos de Grado Medio que forman parte del proyecto &hellip; <a href=\"http:\/\/lopezdearenas.org\/inicio\/blog\/reunion-del-consorcio-erasmus-vet-bridge-to-europe-empezamos\/\">Sigue leyendo <span class=\"meta-nav\">&rarr;<\/span><\/a><\/p>\n","protected":false},"author":82,"featured_media":0,"comment_status":"closed","ping_status":"open","sticky":false,"template":"","format":"standard","meta":{"_jetpack_memberships_contains_paid_content":false,"footnotes":"","jetpack_publicize_message":"","jetpack_publicize_feature_enabled":true,"jetpack_social_post_already_shared":true,"jetpack_social_options":{"image_generator_settings":{"template":"highway","default_image_id":0,"enabled":false},"version":2}},"categories":[5],"tags":[185,42,183,152,186,184],"class_list":["post-17119","post","type-post","status-publish","format-standard","hentry","category-novedades","tag-alumando","tag-bilinguismo","tag-consorcio","tag-erasmus-2","tag-fp","tag-praktica"],"jetpack_publicize_connections":[],"jetpack_featured_media_url":"","jetpack_sharing_enabled":true,"_links":{"self":[{"href":"http:\/\/lopezdearenas.org\/inicio\/blog\/wp-json\/wp\/v2\/posts\/17119","targetHints":{"allow":["GET"]}}],"collection":[{"href":"http:\/\/lopezdearenas.org\/inicio\/blog\/wp-json\/wp\/v2\/posts"}],"about":[{"href":"http:\/\/lopezdearenas.org\/inicio\/blog\/wp-json\/wp\/v2\/types\/post"}],"author":[{"embeddable":true,"href":"http:\/\/lopezdearenas.org\/inicio\/blog\/wp-json\/wp\/v2\/users\/82"}],"replies":[{"embeddable":true,"href":"http:\/\/lopezdearenas.org\/inicio\/blog\/wp-json\/wp\/v2\/comments?post=17119"}],"version-history":[{"count":1,"href":"http:\/\/lopezdearenas.org\/inicio\/blog\/wp-json\/wp\/v2\/posts\/17119\/revisions"}],"predecessor-version":[{"id":17123,"href":"http:\/\/lopezdearenas.org\/inicio\/blog\/wp-json\/wp\/v2\/posts\/17119\/revisions\/17123"}],"wp:attachment":[{"href":"http:\/\/lopezdearenas.org\/inicio\/blog\/wp-json\/wp\/v2\/media?parent=17119"}],"wp:term":[{"taxonomy":"category","embeddable":true,"href":"http:\/\/lopezdearenas.org\/inicio\/blog\/wp-json\/wp\/v2\/categories?post=17119"},{"taxonomy":"post_tag","embeddable":true,"href":"http:\/\/lopezdearenas.org\/inicio\/blog\/wp-json\/wp\/v2\/tags?post=17119"}],"curies":[{"name":"wp","href":"https:\/\/api.w.org\/{rel}","templated":true}]}}