{"id":17113,"date":"2025-09-17T08:23:46","date_gmt":"2025-09-17T07:23:46","guid":{"rendered":"https:\/\/lopezdearenas.org\/inicio\/blog\/?p=17113"},"modified":"2025-09-17T10:08:48","modified_gmt":"2025-09-17T09:08:48","slug":"ya-tenemos-autora-del-vi-concurso-de-microrrelatos","status":"publish","type":"post","link":"http:\/\/lopezdearenas.org\/inicio\/blog\/ya-tenemos-autora-del-vi-concurso-de-microrrelatos\/","title":{"rendered":"YA TENEMOS AUTORA DEL VI CONCURSO DE MICRORRELATOS"},"content":{"rendered":"\n<figure class=\"wp-block-gallery has-nested-images columns-default is-cropped wp-block-gallery-1 is-layout-flex wp-block-gallery-is-layout-flex\"><\/figure>\n\n\n\n<figure class=\"wp-block-embed is-type-video is-provider-youtube wp-block-embed-youtube wp-embed-aspect-16-9 wp-has-aspect-ratio\"><div class=\"wp-block-embed__wrapper\">\n<iframe loading=\"lazy\" title=\"AUTORA ELEGIDA VI CONCURSO DE MICRORRELATOS DEL IESLA\" width=\"584\" height=\"329\" src=\"https:\/\/www.youtube.com\/embed\/Tgh5X3FsV_4?feature=oembed\" frameborder=\"0\" allow=\"accelerometer; autoplay; clipboard-write; encrypted-media; gyroscope; picture-in-picture; web-share\" referrerpolicy=\"strict-origin-when-cross-origin\" allowfullscreen><\/iframe>\n<\/div><\/figure>\n\n\n\n<p>Un a\u00f1o m\u00e1s, nuestro centro pone en marcha el <strong>Concurso de Microrrelatos <em>De la Imagen al Texto<\/em><\/strong>, una iniciativa que fomenta la creatividad literaria tanto en alumnado como en personas adultas de nuestra comunidad educativa.<\/p>\n\n\n\n<p>En esta <strong>VI edici\u00f3n<\/strong> tenemos el honor de anunciar que la <strong>autora de referencia<\/strong> ser\u00e1 <strong>Asun Mart\u00ednez Ezketa<\/strong>, escritora y poeta comprometida con la palabra y con la exploraci\u00f3n de nuevas formas de expresi\u00f3n literaria.<\/p>\n\n\n\n<p>Pod\u00e9is conocer m\u00e1s sobre su trayectoria y proyectos en su p\u00e1gina oficial: <a href=\"http:\/\/www.esaotra.es\">www.esaotra.es<\/a><\/p>\n\n\n\n<p>Como en cada convocatoria, la <strong>modalidad de adultos<\/strong> se inspirar\u00e1 en una imagen vinculada a la obra de nuestra autora invitada, mientras que la <strong>modalidad de alumnado<\/strong> partir\u00e1 de una frase de su creaci\u00f3n, a la que deber\u00e1n sumar su propio microrrelato y una imagen complementaria.<\/p>\n\n\n\n<p>Este concurso, que ya se ha convertido en una cita literaria imprescindible en el IES L\u00f3pez de Arenas, nos ofrece la oportunidad de disfrutar de la escritura como un espacio de libertad y de encuentro.<\/p>\n\n\n\n<p>Pronto daremos a conocer las bases completas de la convocatoria.<br>\u00a1Esperamos con ilusi\u00f3n las aportaciones creativas de todos los participantes!<\/p>\n\n\n\n<p>#Microrrelatos #DeLaImagenAlTexto #FomentoDeLaLectura #AsunMart\u00ednezEzketa<\/p>\n","protected":false},"excerpt":{"rendered":"<p>Un a\u00f1o m\u00e1s, nuestro centro pone en marcha el Concurso de Microrrelatos De la Imagen al Texto, una iniciativa que fomenta la creatividad literaria tanto en alumnado como en personas adultas de nuestra comunidad educativa. En esta VI edici\u00f3n tenemos &hellip; <a href=\"http:\/\/lopezdearenas.org\/inicio\/blog\/ya-tenemos-autora-del-vi-concurso-de-microrrelatos\/\">Sigue leyendo <span class=\"meta-nav\">&rarr;<\/span><\/a><\/p>\n","protected":false},"author":82,"featured_media":0,"comment_status":"closed","ping_status":"open","sticky":false,"template":"","format":"standard","meta":{"_jetpack_memberships_contains_paid_content":false,"footnotes":"","jetpack_publicize_message":"","jetpack_publicize_feature_enabled":true,"jetpack_social_post_already_shared":true,"jetpack_social_options":{"image_generator_settings":{"template":"highway","default_image_id":0,"enabled":false},"version":2}},"categories":[5],"tags":[182,18,175,181],"class_list":["post-17113","post","type-post","status-publish","format-standard","hentry","category-novedades","tag-asun-martinez-ezketa","tag-concurso","tag-fomento-de-la-lectura","tag-microrrelatos"],"jetpack_publicize_connections":[],"jetpack_featured_media_url":"","jetpack_sharing_enabled":true,"_links":{"self":[{"href":"http:\/\/lopezdearenas.org\/inicio\/blog\/wp-json\/wp\/v2\/posts\/17113","targetHints":{"allow":["GET"]}}],"collection":[{"href":"http:\/\/lopezdearenas.org\/inicio\/blog\/wp-json\/wp\/v2\/posts"}],"about":[{"href":"http:\/\/lopezdearenas.org\/inicio\/blog\/wp-json\/wp\/v2\/types\/post"}],"author":[{"embeddable":true,"href":"http:\/\/lopezdearenas.org\/inicio\/blog\/wp-json\/wp\/v2\/users\/82"}],"replies":[{"embeddable":true,"href":"http:\/\/lopezdearenas.org\/inicio\/blog\/wp-json\/wp\/v2\/comments?post=17113"}],"version-history":[{"count":3,"href":"http:\/\/lopezdearenas.org\/inicio\/blog\/wp-json\/wp\/v2\/posts\/17113\/revisions"}],"predecessor-version":[{"id":17118,"href":"http:\/\/lopezdearenas.org\/inicio\/blog\/wp-json\/wp\/v2\/posts\/17113\/revisions\/17118"}],"wp:attachment":[{"href":"http:\/\/lopezdearenas.org\/inicio\/blog\/wp-json\/wp\/v2\/media?parent=17113"}],"wp:term":[{"taxonomy":"category","embeddable":true,"href":"http:\/\/lopezdearenas.org\/inicio\/blog\/wp-json\/wp\/v2\/categories?post=17113"},{"taxonomy":"post_tag","embeddable":true,"href":"http:\/\/lopezdearenas.org\/inicio\/blog\/wp-json\/wp\/v2\/tags?post=17113"}],"curies":[{"name":"wp","href":"https:\/\/api.w.org\/{rel}","templated":true}]}}