{"id":16677,"date":"2025-04-03T11:30:25","date_gmt":"2025-04-03T10:30:25","guid":{"rendered":"https:\/\/lopezdearenas.org\/inicio\/blog\/?p=16677"},"modified":"2025-07-14T09:46:22","modified_gmt":"2025-07-14T08:46:22","slug":"iesla-y-la-ix-jornadas-de-redes-provinciales-de-bibliotecas-escolares","status":"publish","type":"post","link":"http:\/\/lopezdearenas.org\/inicio\/blog\/iesla-y-la-ix-jornadas-de-redes-provinciales-de-bibliotecas-escolares\/","title":{"rendered":"IESLA Y LA IX JORNADAS DE REDES PROVINCIALES DE BIBLIOTECAS ESCOLARES"},"content":{"rendered":"\n<div class=\"wp-block-media-text is-stacked-on-mobile is-style-rectangular\"><figure class=\"wp-block-media-text__media\"><img loading=\"lazy\" decoding=\"async\" width=\"322\" height=\"181\" src=\"https:\/\/lopezdearenas.org\/inicio\/blog\/wp-content\/uploads\/2025\/04\/jornadas_redes.png\" alt=\"\" class=\"wp-image-16678 size-full\" srcset=\"http:\/\/lopezdearenas.org\/inicio\/blog\/wp-content\/uploads\/2025\/04\/jornadas_redes.png 322w, http:\/\/lopezdearenas.org\/inicio\/blog\/wp-content\/uploads\/2025\/04\/jornadas_redes-300x169.png 300w\" sizes=\"auto, (max-width: 322px) 100vw, 322px\" \/><\/figure><div class=\"wp-block-media-text__content\">\n<p>El jueves 3 de abril de 2025, a las 16:30 h, en la Villa del Conocimiento y las Artes, de Mairena del Alcor. ser\u00e1 la segunda sesi\u00f3n de las IX Jornadas de Redes Provinciales de Bibliotecas Escolares: \u201cVoces del Mundo: Un viaje a trav\u00e9s de la Multiculturalidad\u201d.<\/p>\n<\/div><\/div>\n\n\n\n<p>Nuestro centro participar\u00e1 activamente, ya que Mercedes Lebr\u00f3n, como coordinadora de la BECREA y, Antonio Mart\u00edn, como responsable del Proyecto del Primer Premio de Fomento de la Lectura de Andaluc\u00eda (2023\/2024) de la Consejer\u00eda de Desarrollo Educativo y FP expondr\u00e1n las iniciativas que han hecho posible este reconocimiento:<\/p>\n\n\n\n<ul class=\"wp-block-list\">\n<li>Personas-libro<\/li>\n\n\n\n<li>La voz a ti debida<\/li>\n\n\n\n<li>Concurso de microrrelatos<\/li>\n\n\n\n<li>Un poema cada semana<\/li>\n\n\n\n<li>Tratamiento de la lectura<\/li>\n<\/ul>\n\n\n\n<p>Puedes seguir inform\u00e1ndote en este enlace: <a href=\"https:\/\/arenaslectoras.blogspot.com\/2025\/04\/el-ies-lopez-de-arenas-en-las-ix.html\">https:\/\/arenaslectoras.blogspot.com\/2025\/04\/el-ies-lopez-de-arenas-en-las-ix.html<\/a><\/p>\n\n\n\n<p><\/p>\n","protected":false},"excerpt":{"rendered":"<p>El jueves 3 de abril de 2025, a las 16:30 h, en la Villa del Conocimiento y las Artes, de Mairena del Alcor. ser\u00e1 la segunda sesi\u00f3n de las IX Jornadas de Redes Provinciales de Bibliotecas Escolares: \u201cVoces del Mundo: &hellip; <a href=\"http:\/\/lopezdearenas.org\/inicio\/blog\/iesla-y-la-ix-jornadas-de-redes-provinciales-de-bibliotecas-escolares\/\">Sigue leyendo <span class=\"meta-nav\">&rarr;<\/span><\/a><\/p>\n","protected":false},"author":83,"featured_media":0,"comment_status":"closed","ping_status":"open","sticky":false,"template":"","format":"standard","meta":{"_jetpack_memberships_contains_paid_content":false,"footnotes":"","jetpack_publicize_message":"","jetpack_publicize_feature_enabled":true,"jetpack_social_post_already_shared":true,"jetpack_social_options":{"image_generator_settings":{"template":"highway","default_image_id":0,"enabled":false},"version":2}},"categories":[5],"tags":[168,24],"class_list":["post-16677","post","type-post","status-publish","format-standard","hentry","category-novedades","tag-becrea","tag-biblioteca"],"jetpack_publicize_connections":[],"jetpack_featured_media_url":"","jetpack_sharing_enabled":true,"_links":{"self":[{"href":"http:\/\/lopezdearenas.org\/inicio\/blog\/wp-json\/wp\/v2\/posts\/16677","targetHints":{"allow":["GET"]}}],"collection":[{"href":"http:\/\/lopezdearenas.org\/inicio\/blog\/wp-json\/wp\/v2\/posts"}],"about":[{"href":"http:\/\/lopezdearenas.org\/inicio\/blog\/wp-json\/wp\/v2\/types\/post"}],"author":[{"embeddable":true,"href":"http:\/\/lopezdearenas.org\/inicio\/blog\/wp-json\/wp\/v2\/users\/83"}],"replies":[{"embeddable":true,"href":"http:\/\/lopezdearenas.org\/inicio\/blog\/wp-json\/wp\/v2\/comments?post=16677"}],"version-history":[{"count":1,"href":"http:\/\/lopezdearenas.org\/inicio\/blog\/wp-json\/wp\/v2\/posts\/16677\/revisions"}],"predecessor-version":[{"id":16679,"href":"http:\/\/lopezdearenas.org\/inicio\/blog\/wp-json\/wp\/v2\/posts\/16677\/revisions\/16679"}],"wp:attachment":[{"href":"http:\/\/lopezdearenas.org\/inicio\/blog\/wp-json\/wp\/v2\/media?parent=16677"}],"wp:term":[{"taxonomy":"category","embeddable":true,"href":"http:\/\/lopezdearenas.org\/inicio\/blog\/wp-json\/wp\/v2\/categories?post=16677"},{"taxonomy":"post_tag","embeddable":true,"href":"http:\/\/lopezdearenas.org\/inicio\/blog\/wp-json\/wp\/v2\/tags?post=16677"}],"curies":[{"name":"wp","href":"https:\/\/api.w.org\/{rel}","templated":true}]}}