{"id":1469,"date":"2014-05-25T06:14:18","date_gmt":"2014-05-25T05:14:18","guid":{"rendered":"http:\/\/lopezdearenas.org\/inicio\/blog\/?p=1469"},"modified":"2014-05-25T06:15:41","modified_gmt":"2014-05-25T05:15:41","slug":"feria-del-emprendimiento","status":"publish","type":"post","link":"http:\/\/lopezdearenas.org\/inicio\/blog\/feria-del-emprendimiento\/","title":{"rendered":"Feria del Emprendimiento"},"content":{"rendered":"<p>Este 21 de Mayo, ha tenido lugar en Sevilla la Feria del Emprendimiento, evento que tiene como objetivo difundir la cultura emprendedora y fomentar la creaci\u00f3n de mini-empresas educativas y otras propuestas did\u00e1cticas.<\/p>\n<p><img loading=\"lazy\" decoding=\"async\" class=\"aligncenter size-large wp-image-1470\" src=\"http:\/\/lopezdearenas.org\/inicio\/blog\/wp-content\/uploads\/2014\/05\/la-foto-1-1024x768.jpg\" alt=\"la foto 1\" width=\"584\" height=\"438\" srcset=\"http:\/\/lopezdearenas.org\/inicio\/blog\/wp-content\/uploads\/2014\/05\/la-foto-1-1024x768.jpg 1024w, http:\/\/lopezdearenas.org\/inicio\/blog\/wp-content\/uploads\/2014\/05\/la-foto-1-300x225.jpg 300w, http:\/\/lopezdearenas.org\/inicio\/blog\/wp-content\/uploads\/2014\/05\/la-foto-1-400x300.jpg 400w\" sizes=\"auto, (max-width: 584px) 100vw, 584px\" \/><\/p>\n<p>El I.E.S. L\u00f3pez de Arenas ha participado con los siguientes proyectos:<\/p>\n<table>\n<tbody>\n<tr>\n<td>Grapheadvance S.L.,<\/td>\n<td>Moto S.O.S., S.L.<\/td>\n<\/tr>\n<tr>\n<td>Ecolog\u00eda Natural S.L.<\/td>\n<td>Tierras Sevillanas, S.L.<\/td>\n<\/tr>\n<tr>\n<td>Idioma_Tic S.L.<\/td>\n<td>Ecoturismo Alemi S.L.<\/td>\n<\/tr>\n<tr>\n<td>Reinas Cupcakes, S.L.<\/td>\n<td>Coaches Rois, S.L.<\/td>\n<\/tr>\n<tr>\n<td>Un toque de color S.L.<\/td>\n<td><\/td>\n<\/tr>\n<\/tbody>\n<\/table>\n<p>En la Feria han participado 79 proyectos de centros de la provincia de Sevilla.<\/p>\n","protected":false},"excerpt":{"rendered":"<p>Este 21 de Mayo, ha tenido lugar en Sevilla la Feria del Emprendimiento, evento que tiene como objetivo difundir la cultura emprendedora y fomentar la creaci\u00f3n de mini-empresas educativas y otras propuestas did\u00e1cticas. El I.E.S. L\u00f3pez de Arenas ha participado &hellip; <a href=\"http:\/\/lopezdearenas.org\/inicio\/blog\/feria-del-emprendimiento\/\">Sigue leyendo <span class=\"meta-nav\">&rarr;<\/span><\/a><\/p>\n","protected":false},"author":1,"featured_media":0,"comment_status":"open","ping_status":"open","sticky":false,"template":"","format":"standard","meta":{"_jetpack_memberships_contains_paid_content":false,"footnotes":"","jetpack_publicize_message":"","jetpack_publicize_feature_enabled":true,"jetpack_social_post_already_shared":true,"jetpack_social_options":{"image_generator_settings":{"template":"highway","default_image_id":0,"enabled":false},"version":2}},"categories":[5],"tags":[22,40,17],"class_list":["post-1469","post","type-post","status-publish","format-standard","hentry","category-novedades","tag-emprender","tag-feria","tag-proyecto"],"jetpack_publicize_connections":[],"jetpack_featured_media_url":"","jetpack_sharing_enabled":true,"_links":{"self":[{"href":"http:\/\/lopezdearenas.org\/inicio\/blog\/wp-json\/wp\/v2\/posts\/1469","targetHints":{"allow":["GET"]}}],"collection":[{"href":"http:\/\/lopezdearenas.org\/inicio\/blog\/wp-json\/wp\/v2\/posts"}],"about":[{"href":"http:\/\/lopezdearenas.org\/inicio\/blog\/wp-json\/wp\/v2\/types\/post"}],"author":[{"embeddable":true,"href":"http:\/\/lopezdearenas.org\/inicio\/blog\/wp-json\/wp\/v2\/users\/1"}],"replies":[{"embeddable":true,"href":"http:\/\/lopezdearenas.org\/inicio\/blog\/wp-json\/wp\/v2\/comments?post=1469"}],"version-history":[{"count":1,"href":"http:\/\/lopezdearenas.org\/inicio\/blog\/wp-json\/wp\/v2\/posts\/1469\/revisions"}],"predecessor-version":[{"id":1471,"href":"http:\/\/lopezdearenas.org\/inicio\/blog\/wp-json\/wp\/v2\/posts\/1469\/revisions\/1471"}],"wp:attachment":[{"href":"http:\/\/lopezdearenas.org\/inicio\/blog\/wp-json\/wp\/v2\/media?parent=1469"}],"wp:term":[{"taxonomy":"category","embeddable":true,"href":"http:\/\/lopezdearenas.org\/inicio\/blog\/wp-json\/wp\/v2\/categories?post=1469"},{"taxonomy":"post_tag","embeddable":true,"href":"http:\/\/lopezdearenas.org\/inicio\/blog\/wp-json\/wp\/v2\/tags?post=1469"}],"curies":[{"name":"wp","href":"https:\/\/api.w.org\/{rel}","templated":true}]}}