{"id":1416,"date":"2014-05-14T11:30:09","date_gmt":"2014-05-14T10:30:09","guid":{"rendered":"http:\/\/lopezdearenas.org\/inicio\/blog\/?p=1416"},"modified":"2014-05-14T11:30:09","modified_gmt":"2014-05-14T10:30:09","slug":"mercadillo-solidario-para-filipinas","status":"publish","type":"post","link":"http:\/\/lopezdearenas.org\/inicio\/blog\/mercadillo-solidario-para-filipinas\/","title":{"rendered":"Mercadillo Solidario para Filipinas"},"content":{"rendered":"<p>El pasado viernes por la tarde se celebr\u00f3 el Mercadillo \u00abT\u00f3mbola\u00bb Solidaria en la Plaza del Ayuntamiento de Marchena. Dicha iniciativa est\u00e1 enmarcada dentro de\u00a0la campa\u00f1a de recaudaci\u00f3n de fondos que se est\u00e1 llevando a cabo en el I.E.S. L\u00f3pez de Arenas con el objeto de ayudar al pueblo de Filipinas por los desastres naturales sufridos en los \u00faltimos meses.<\/p>\n<p><img loading=\"lazy\" decoding=\"async\" class=\"aligncenter size-large wp-image-1417\" src=\"http:\/\/lopezdearenas.org\/inicio\/blog\/wp-content\/uploads\/2014\/05\/20140509_200739-1024x768.jpg\" alt=\"20140509_200739\" width=\"584\" height=\"438\" srcset=\"http:\/\/lopezdearenas.org\/inicio\/blog\/wp-content\/uploads\/2014\/05\/20140509_200739-1024x768.jpg 1024w, http:\/\/lopezdearenas.org\/inicio\/blog\/wp-content\/uploads\/2014\/05\/20140509_200739-300x225.jpg 300w, http:\/\/lopezdearenas.org\/inicio\/blog\/wp-content\/uploads\/2014\/05\/20140509_200739-400x300.jpg 400w\" sizes=\"auto, (max-width: 584px) 100vw, 584px\" \/><\/p>\n<p><img loading=\"lazy\" decoding=\"async\" class=\"aligncenter size-large wp-image-1418\" src=\"http:\/\/lopezdearenas.org\/inicio\/blog\/wp-content\/uploads\/2014\/05\/20140509_200713-1024x768.jpg\" alt=\"20140509_200713\" width=\"584\" height=\"438\" srcset=\"http:\/\/lopezdearenas.org\/inicio\/blog\/wp-content\/uploads\/2014\/05\/20140509_200713-1024x768.jpg 1024w, http:\/\/lopezdearenas.org\/inicio\/blog\/wp-content\/uploads\/2014\/05\/20140509_200713-300x225.jpg 300w, http:\/\/lopezdearenas.org\/inicio\/blog\/wp-content\/uploads\/2014\/05\/20140509_200713-400x300.jpg 400w\" sizes=\"auto, (max-width: 584px) 100vw, 584px\" \/><\/p>\n","protected":false},"excerpt":{"rendered":"<p>El pasado viernes por la tarde se celebr\u00f3 el Mercadillo \u00abT\u00f3mbola\u00bb Solidaria en la Plaza del Ayuntamiento de Marchena. Dicha iniciativa est\u00e1 enmarcada dentro de\u00a0la campa\u00f1a de recaudaci\u00f3n de fondos que se est\u00e1 llevando a cabo en el I.E.S. L\u00f3pez &hellip; <a href=\"http:\/\/lopezdearenas.org\/inicio\/blog\/mercadillo-solidario-para-filipinas\/\">Sigue leyendo <span class=\"meta-nav\">&rarr;<\/span><\/a><\/p>\n","protected":false},"author":1,"featured_media":0,"comment_status":"open","ping_status":"open","sticky":false,"template":"","format":"standard","meta":{"_jetpack_memberships_contains_paid_content":false,"footnotes":"","jetpack_publicize_message":"","jetpack_publicize_feature_enabled":true,"jetpack_social_post_already_shared":true,"jetpack_social_options":{"image_generator_settings":{"template":"highway","default_image_id":0,"enabled":false},"version":2}},"categories":[5],"tags":[],"class_list":["post-1416","post","type-post","status-publish","format-standard","hentry","category-novedades"],"jetpack_publicize_connections":[],"jetpack_featured_media_url":"","jetpack_sharing_enabled":true,"_links":{"self":[{"href":"http:\/\/lopezdearenas.org\/inicio\/blog\/wp-json\/wp\/v2\/posts\/1416","targetHints":{"allow":["GET"]}}],"collection":[{"href":"http:\/\/lopezdearenas.org\/inicio\/blog\/wp-json\/wp\/v2\/posts"}],"about":[{"href":"http:\/\/lopezdearenas.org\/inicio\/blog\/wp-json\/wp\/v2\/types\/post"}],"author":[{"embeddable":true,"href":"http:\/\/lopezdearenas.org\/inicio\/blog\/wp-json\/wp\/v2\/users\/1"}],"replies":[{"embeddable":true,"href":"http:\/\/lopezdearenas.org\/inicio\/blog\/wp-json\/wp\/v2\/comments?post=1416"}],"version-history":[{"count":1,"href":"http:\/\/lopezdearenas.org\/inicio\/blog\/wp-json\/wp\/v2\/posts\/1416\/revisions"}],"predecessor-version":[{"id":1419,"href":"http:\/\/lopezdearenas.org\/inicio\/blog\/wp-json\/wp\/v2\/posts\/1416\/revisions\/1419"}],"wp:attachment":[{"href":"http:\/\/lopezdearenas.org\/inicio\/blog\/wp-json\/wp\/v2\/media?parent=1416"}],"wp:term":[{"taxonomy":"category","embeddable":true,"href":"http:\/\/lopezdearenas.org\/inicio\/blog\/wp-json\/wp\/v2\/categories?post=1416"},{"taxonomy":"post_tag","embeddable":true,"href":"http:\/\/lopezdearenas.org\/inicio\/blog\/wp-json\/wp\/v2\/tags?post=1416"}],"curies":[{"name":"wp","href":"https:\/\/api.w.org\/{rel}","templated":true}]}}