{"id":1378,"date":"2014-04-28T23:36:04","date_gmt":"2014-04-28T22:36:04","guid":{"rendered":"http:\/\/lopezdearenas.org\/inicio\/blog\/?p=1378"},"modified":"2014-04-28T23:36:04","modified_gmt":"2014-04-28T22:36:04","slug":"comunicado-proceso-de-admision-de-alumnado-curso-academico-201415","status":"publish","type":"post","link":"http:\/\/lopezdearenas.org\/inicio\/blog\/comunicado-proceso-de-admision-de-alumnado-curso-academico-201415\/","title":{"rendered":"Comunicado. Proceso de Admisi\u00f3n de Alumnado. Curso Acad\u00e9mico 2014\/15"},"content":{"rendered":"<div style=\"color: #222222;\">\n<div>\n<div>Muy estimadas familias:<\/p>\n<\/div>\n<p>En representaci\u00f3n del Equipo Directivo y en nombre de todo el Claustro de Profesorado y del Personal de Administraci\u00f3n y Servicios\u00a0 del IES L\u00f3pez de Arenas de Marchena, quiero, sinceramente,\u00a0<b>agradecerles la confianza que han depositado todos ustedes en nuestra Comunidad Educativa<\/b>\u00a0al solicitar la Admisi\u00f3n de sus hijos e hijas en nuestro Instituto para el pr\u00f3ximo curso acad\u00e9mico 2014\/15. Gracias.<\/p>\n<\/div>\n<p>Jos\u00e9 Fco. Rodr\u00edguez Cenizo<\/p><\/div>\n<p><span style=\"color: #222222;\">Director<\/span><\/p>\n","protected":false},"excerpt":{"rendered":"<p>Muy estimadas familias: En representaci\u00f3n del Equipo Directivo y en nombre de todo el Claustro de Profesorado y del Personal de Administraci\u00f3n y Servicios\u00a0 del IES L\u00f3pez de Arenas de Marchena, quiero, sinceramente,\u00a0agradecerles la confianza que han depositado todos ustedes &hellip; <a href=\"http:\/\/lopezdearenas.org\/inicio\/blog\/comunicado-proceso-de-admision-de-alumnado-curso-academico-201415\/\">Sigue leyendo <span class=\"meta-nav\">&rarr;<\/span><\/a><\/p>\n","protected":false},"author":1,"featured_media":0,"comment_status":"open","ping_status":"open","sticky":false,"template":"","format":"standard","meta":{"_jetpack_memberships_contains_paid_content":false,"footnotes":"","jetpack_publicize_message":"","jetpack_publicize_feature_enabled":true,"jetpack_social_post_already_shared":true,"jetpack_social_options":{"image_generator_settings":{"template":"highway","default_image_id":0,"enabled":false},"version":2}},"categories":[5],"tags":[8,34],"class_list":["post-1378","post","type-post","status-publish","format-standard","hentry","category-novedades","tag-alumnos","tag-matricula"],"jetpack_publicize_connections":[],"jetpack_featured_media_url":"","jetpack_sharing_enabled":true,"_links":{"self":[{"href":"http:\/\/lopezdearenas.org\/inicio\/blog\/wp-json\/wp\/v2\/posts\/1378","targetHints":{"allow":["GET"]}}],"collection":[{"href":"http:\/\/lopezdearenas.org\/inicio\/blog\/wp-json\/wp\/v2\/posts"}],"about":[{"href":"http:\/\/lopezdearenas.org\/inicio\/blog\/wp-json\/wp\/v2\/types\/post"}],"author":[{"embeddable":true,"href":"http:\/\/lopezdearenas.org\/inicio\/blog\/wp-json\/wp\/v2\/users\/1"}],"replies":[{"embeddable":true,"href":"http:\/\/lopezdearenas.org\/inicio\/blog\/wp-json\/wp\/v2\/comments?post=1378"}],"version-history":[{"count":1,"href":"http:\/\/lopezdearenas.org\/inicio\/blog\/wp-json\/wp\/v2\/posts\/1378\/revisions"}],"predecessor-version":[{"id":1379,"href":"http:\/\/lopezdearenas.org\/inicio\/blog\/wp-json\/wp\/v2\/posts\/1378\/revisions\/1379"}],"wp:attachment":[{"href":"http:\/\/lopezdearenas.org\/inicio\/blog\/wp-json\/wp\/v2\/media?parent=1378"}],"wp:term":[{"taxonomy":"category","embeddable":true,"href":"http:\/\/lopezdearenas.org\/inicio\/blog\/wp-json\/wp\/v2\/categories?post=1378"},{"taxonomy":"post_tag","embeddable":true,"href":"http:\/\/lopezdearenas.org\/inicio\/blog\/wp-json\/wp\/v2\/tags?post=1378"}],"curies":[{"name":"wp","href":"https:\/\/api.w.org\/{rel}","templated":true}]}}