{"id":1076,"date":"2014-03-04T17:58:00","date_gmt":"2014-03-04T16:58:00","guid":{"rendered":"http:\/\/lopezdearenas.org\/inicio\/blog\/?p=1076"},"modified":"2014-03-04T18:01:57","modified_gmt":"2014-03-04T17:01:57","slug":"comienza-el-plazo-de-escolarizacion-para-el-curso-20142015","status":"publish","type":"post","link":"http:\/\/lopezdearenas.org\/inicio\/blog\/comienza-el-plazo-de-escolarizacion-para-el-curso-20142015\/","title":{"rendered":"Plazo de Escolarizaci\u00f3n para el Curso 2014\/2015"},"content":{"rendered":"<p><span style=\"font-family: Arial;\">El 1 de marzo se inici\u00f3 en toda Andaluc\u00eda el plazo de escolarizaci\u00f3n para el curso escolar 2014-2015.<\/span><\/p>\n<p>Pod\u00e9is consultar toda la informaci\u00f3n sobre este proceso en el\u00a0<a href=\"http:\/\/www.juntadeandalucia.es\/educacion\/webportal\/web\/portal-escolarizacion\/\" target=\"_blank\">Portal de Escolarizaci\u00f3n<\/a>\u00a0de la Consejer\u00eda de Educaci\u00f3n, en este\u00a0<a href=\"http:\/\/www.juntadeandalucia.es\/educacion\/webportal\/abaco-portlet\/content\/f2db5ff5-34c5-4bfd-a90c-c27f4a0bcdf8\" target=\"_blank\">tr\u00edptico informativo<\/a>\u00a0o acudiendo a nuestro centro.<\/p>\n<p><a href=\"http:\/\/lopezdearenas.org\/inicio\/blog\/wp-content\/uploads\/2014\/03\/Cartel-informativo.jpg\"><img loading=\"lazy\" decoding=\"async\" class=\"aligncenter size-medium wp-image-1077\" alt=\"Cartel informativo sobre Escolarizaci\u00f3n\" src=\"http:\/\/lopezdearenas.org\/inicio\/blog\/wp-content\/uploads\/2014\/03\/Cartel-informativo-211x300.jpg\" width=\"211\" height=\"300\" srcset=\"http:\/\/lopezdearenas.org\/inicio\/blog\/wp-content\/uploads\/2014\/03\/Cartel-informativo-211x300.jpg 211w, http:\/\/lopezdearenas.org\/inicio\/blog\/wp-content\/uploads\/2014\/03\/Cartel-informativo-723x1024.jpg 723w, http:\/\/lopezdearenas.org\/inicio\/blog\/wp-content\/uploads\/2014\/03\/Cartel-informativo.jpg 1239w\" sizes=\"auto, (max-width: 211px) 100vw, 211px\" \/><\/a><\/p>\n<p>La normativa de aplicaci\u00f3n es:<\/p>\n<p>&#8211; DECRETO 40\/2011, de 22 de febrero, por el que se regulan los criterios y el procedimiento de admisi\u00f3n del alumnado en los centros docentes p\u00fablicos y privados concertados para cursar las ense\u00f1anzas de segundo ciclo de educaci\u00f3n infantil, educaci\u00f3n primaria, educaci\u00f3n especial, educaci\u00f3n secundaria obligatoria y bachillerato.<\/p>\n<p>&#8211; CORRECCI\u00d3N de errores al Decreto 40\/2011, de 22 de febrero, por el que se regulan los criterios y el procedimiento de admisi\u00f3n del alumnado en los centros docentes p\u00fablicos y privados concertados para cursar las ense\u00f1anzas de segundo ciclo de educaci\u00f3n infantil, educaci\u00f3n primaria, educaci\u00f3n especial, educaci\u00f3n secundaria obligatoria y bachillerato.<\/p>\n<p>&#8211; ORDEN de 24 de febrero de 2011, por la que se desarrolla el procedimiento de admisi\u00f3n del alumnado en los centros docentes p\u00fablicos y privados concertados para cursar las ense\u00f1anzas de segundo ciclo de educaci\u00f3n infantil, educaci\u00f3n primaria, educaci\u00f3n especial, educaci\u00f3n secundaria obligatoria y bachillerato.<\/p>\n","protected":false},"excerpt":{"rendered":"<p>El 1 de marzo se inici\u00f3 en toda Andaluc\u00eda el plazo de escolarizaci\u00f3n para el curso escolar 2014-2015. Pod\u00e9is consultar toda la informaci\u00f3n sobre este proceso en el\u00a0Portal de Escolarizaci\u00f3n\u00a0de la Consejer\u00eda de Educaci\u00f3n, en este\u00a0tr\u00edptico informativo\u00a0o acudiendo a nuestro &hellip; <a href=\"http:\/\/lopezdearenas.org\/inicio\/blog\/comienza-el-plazo-de-escolarizacion-para-el-curso-20142015\/\">Sigue leyendo <span class=\"meta-nav\">&rarr;<\/span><\/a><\/p>\n","protected":false},"author":1,"featured_media":0,"comment_status":"open","ping_status":"open","sticky":false,"template":"","format":"standard","meta":{"_jetpack_memberships_contains_paid_content":false,"footnotes":"","jetpack_publicize_message":"","jetpack_publicize_feature_enabled":true,"jetpack_social_post_already_shared":true,"jetpack_social_options":{"image_generator_settings":{"template":"highway","default_image_id":0,"enabled":false},"version":2}},"categories":[5],"tags":[8,25,26],"class_list":["post-1076","post","type-post","status-publish","format-standard","hentry","category-novedades","tag-alumnos","tag-escolariacion","tag-junta-de-andalucia"],"jetpack_publicize_connections":[],"jetpack_featured_media_url":"","jetpack_sharing_enabled":true,"_links":{"self":[{"href":"http:\/\/lopezdearenas.org\/inicio\/blog\/wp-json\/wp\/v2\/posts\/1076","targetHints":{"allow":["GET"]}}],"collection":[{"href":"http:\/\/lopezdearenas.org\/inicio\/blog\/wp-json\/wp\/v2\/posts"}],"about":[{"href":"http:\/\/lopezdearenas.org\/inicio\/blog\/wp-json\/wp\/v2\/types\/post"}],"author":[{"embeddable":true,"href":"http:\/\/lopezdearenas.org\/inicio\/blog\/wp-json\/wp\/v2\/users\/1"}],"replies":[{"embeddable":true,"href":"http:\/\/lopezdearenas.org\/inicio\/blog\/wp-json\/wp\/v2\/comments?post=1076"}],"version-history":[{"count":3,"href":"http:\/\/lopezdearenas.org\/inicio\/blog\/wp-json\/wp\/v2\/posts\/1076\/revisions"}],"predecessor-version":[{"id":1080,"href":"http:\/\/lopezdearenas.org\/inicio\/blog\/wp-json\/wp\/v2\/posts\/1076\/revisions\/1080"}],"wp:attachment":[{"href":"http:\/\/lopezdearenas.org\/inicio\/blog\/wp-json\/wp\/v2\/media?parent=1076"}],"wp:term":[{"taxonomy":"category","embeddable":true,"href":"http:\/\/lopezdearenas.org\/inicio\/blog\/wp-json\/wp\/v2\/categories?post=1076"},{"taxonomy":"post_tag","embeddable":true,"href":"http:\/\/lopezdearenas.org\/inicio\/blog\/wp-json\/wp\/v2\/tags?post=1076"}],"curies":[{"name":"wp","href":"https:\/\/api.w.org\/{rel}","templated":true}]}}